{"id":10256,"date":"2018-09-28T17:09:11","date_gmt":"2018-09-28T15:09:11","guid":{"rendered":"http:\/\/smaria.salou.arqtgn.cat\/domingo-xxvi-tiempo-ordinario-b-2018\/"},"modified":"2018-09-28T17:09:11","modified_gmt":"2018-09-28T15:09:11","slug":"domingo-xxvi-tiempo-ordinario-b-2018","status":"publish","type":"post","link":"https:\/\/smaria.salou.arqtgn.cat\/es\/domingo-xxvi-tiempo-ordinario-b-2018\/","title":{"rendered":"Domingo XXVI tiempo ordinario \/ B \/ 2018"},"content":{"rendered":"<p>&nbsp;<\/p>\n<table style=\"height: 211px;width: 739px\">\n<tbody>\n<tr style=\"height: 256px\">\n<td style=\"height: 256px;width: 482px\">&nbsp;<\/p>\n<div id=\"attachment_7624\" style=\"width: 303px\" class=\"wp-caption aligncenter\"><a href=\"http:\/\/www.lecturesmissa.arquebisbattarragona.cat\/ca\/\" target=\"_blank\" rel=\"noopener noreferrer\"><img loading=\"lazy\" decoding=\"async\" aria-describedby=\"caption-attachment-7624\" class=\"wp-image-7624\" src=\"http:\/\/salou2.wp.arqtgn.cat\/wp-content\/uploads\/sites\/10\/2018\/07\/biblia.jpg\" alt=\"\" width=\"303\" height=\"177\" srcset=\"https:\/\/smaria.salou.arqtgn.cat\/wp-content\/uploads\/sites\/10\/2018\/07\/biblia.jpg 640w, https:\/\/smaria.salou.arqtgn.cat\/wp-content\/uploads\/sites\/10\/2018\/07\/biblia-300x176.jpg 300w\" sizes=\"auto, (max-width: 303px) 100vw, 303px\" \/><\/a><p id=\"caption-attachment-7624\" class=\"wp-caption-text\">Palabra de Dios<\/p><\/div>\n<p>&nbsp;<\/td>\n<td style=\"height: 256px;width: 232px\">\n<p><div id=\"attachment_5183\" style=\"width: 205px\" class=\"wp-caption aligncenter\"><a href=\"http:\/\/www.esglesiadetarragona.cat\/wp-content\/uploads\/2018\/09\/hd3577Castellano.pdf\" target=\"_blank\" rel=\"noopener noreferrer\"><img loading=\"lazy\" decoding=\"async\" aria-describedby=\"caption-attachment-5183\" class=\"wp-image-5183\" src=\"https:\/\/www.esglesiadetarragona.cat\/wp-content\/uploads\/2018\/09\/hd3577Castellano-2.jpg?sequence=3&amp;isAllowed=y?\" alt=\"\" width=\"205\" height=\"280\" \/><\/a><p id=\"caption-attachment-5183\" class=\"wp-caption-text\">Leer la Hoja Dominical<\/p><\/div><\/td>\n<\/tr>\n<\/tbody>\n<\/table>\n<p>[youtube https:\/\/www.youtube.com\/watch?v=lpnHVe-ppZI]<\/p>\n<p>&nbsp;<\/p>\n<p>[youtube https:\/\/www.youtube.com\/watch?v=d9475oqpYeI]<\/p>\n<p>&nbsp;<\/p>\n<h3><\/h3>\n<h3><strong><span style=\"color: #ff6600\">Lectura espiritual<\/span><\/strong><\/h3>\n<p style=\"text-align: justify\">En el movimiento de conversi\u00f3n, el hombre reencuentra <strong>su naturaleza verdadera que es ser oraci\u00f3n<\/strong>. Vuelve a ser el hombre nuevo salido de las manos del Creador, que reencuentra su vocaci\u00f3n de ser <strong>sacerdote de la creaci\u00f3n universal<\/strong>, \u00e9l que quer\u00eda ser simplemente el amo.<\/p>\n<p style=\"text-align: justify\">Sabemos que el hombre hab\u00eda estado puesto en el jard\u00edn del Ed\u00e9n para \u201ccultivarlo\u201d, esto es para hacer de su vida un culto espiritual. <strong>El verdadero \u201cyo\u201d del hombre es un yo lit\u00fargico.<\/strong> Ciertos exegetas modernos traducen as\u00ed G\u00e9nesis 2:15: \u201cYahv\u00e9 Dios tom\u00f3 al hombre y lo puso en el jard\u00edn del Ed\u00e9n para el culto y para la protecci\u00f3n\u201d.<\/p>\n<p style=\"text-align: justify\">En este simbolismo pronunciado, el <strong>para\u00edso<\/strong> es parecido a un <strong>santuario<\/strong> y el <strong>primer hombre<\/strong> es su <strong>guardi\u00e1n sacerdotal<\/strong>: as\u00ed en sus or\u00edgenes es un ser lit\u00fargico. Se ha vuelto capaz de hacer de su vida, de sus relaciones y de su actividad un culto espiritual.<\/p>\n<p style=\"text-align: justify\">Cumple las cosas m\u00e1s cotidianas y habituales como una eucarist\u00eda, o mejor dicho, <strong>hace \u201ceucarist\u00eda\u201d en todas las cosas<\/strong>. <strong>Toda su existencia<\/strong> es tenida como un <strong>culto espiritual<\/strong>. El campesino en su campo, el obrero en su taller, el ingeniero en su despacho introducen la oraci\u00f3n en el coraz\u00f3n de sus vidas de hombres. No solo sus actividades sino la realidad misma de su persona (su carne, dir\u00e1 san Pablo, <em>sarx<\/em>): <strong>Os exhorto, pues, hermanos, por la misericordia de Dios, a ofrecer vuestros cuerpos como una v\u00edctima viviente, santa, agradable a Dios, que es vuestro culto espiritual (la adoraci\u00f3n verdadera) (Rm 12:1)<\/strong><\/p>\n<p style=\"text-align: justify\">\u00a0La existencia apost\u00f3lica misma, es decir, el hecho de anunciar el evangelio es considerado por Pablo como una oraci\u00f3n, un acto lit\u00fargico, ya que <strong>ofrece los paganos como un sacrificio espiritual<\/strong>: \u2026\u201den virtud de la gracia que Dios me ha dado de ser ministro de Cristo Jes\u00fas entre los paganos, ejerciendo la funci\u00f3n sagrada del evangelio de Dios, para que la ofrenda que son los paganos se convierta en aceptable, santificada por el Esp\u00edritu Santo\u201d (Rm 15:15-16).<\/p>\n<p style=\"text-align: justify\">Se intuye as\u00ed cu\u00e1l era <strong>la vocaci\u00f3n primera<\/strong> del hombre. Lo mismo hay que decir\u00a0 del <strong>hombre nuevo<\/strong> recreado por la potencia de la resurrecci\u00f3n; es un <strong>hombre de oraci\u00f3n, un ser lit\u00fargico<\/strong>, antes de todo. <strong>Es el hombre del \u201cSantuario\u201d<\/strong> que imprime el sello de la oraci\u00f3n sobre las personas y las cosas. Y la palabra \u201cSantuario\u201d tiene aqu\u00ed un significado mucho m\u00e1s <strong>amplio<\/strong>, pues despu\u00e9s de la Encarnaci\u00f3n la Estancia de Dios es el mundo entero, la historia y el coraz\u00f3n del hombre.<\/p>\n<p style=\"text-align: justify\">\u201cPara rezar tenemos ciertamente las iglesias y los libros lit\u00fargicos, pero mira que tu oraci\u00f3n interior no te deje nunca. En las iglesias se celebra el culto y all\u00ed habita el Esp\u00edritu Santo. No obstante, <strong>mira que tu alma sea tambi\u00e9n la iglesia de Dios<\/strong>; para aquel que reza sin parar el mundo entero se convierte en una iglesia\u201d.<\/p>\n<p style=\"text-align: justify\"><strong>Estamos llamados a convertirnos en \u201ctemplos\u201d,<\/strong> a hacer de nuestra vida cotidiana una liturgia. Una presencia de oraci\u00f3n de esta naturaleza <strong>santifica cualquier parcela del mundo y contribuye a la paz verdadera.<\/strong> En la inmensa Iglesia que es el universo de Dios, el hombre sacerdote de su vida, obrero o sabio, hace ofrenda y oraci\u00f3n de todo lo que es humano.<\/p>\n<p style=\"text-align: justify\">Aqu\u00ed presentimos lo que deb\u00edan ser los privilegios de nuestros primeros padres: la posibilidad de orar f\u00e1cilmente y de amarse los unos a los otros. <strong>Hay momentos en nuestra existencia en que oramos f\u00e1cilmente<\/strong> y entonces la vida toma un nuevo color. En cambio, as\u00ed que quedamos bloqueados en nuestro pecado y en nuestro sufrimiento, ya no podemos orar y nos sentimos desgraciados. Un joven abatido por el sufrimiento, me dijo un d\u00eda: <strong>\u201c\u00a1Reza t\u00fa, t\u00fa que puedes!\u201d<\/strong> <strong>Hay d\u00edas que querr\u00edamos rezar y no podemos. <\/strong>Mientras podamos rezar no hay nada perdido ya que la esperanza transfigura la situaci\u00f3n.<\/p>\n<p style=\"text-align: right\"><em>Jean Lafrange: La oraci\u00f3n del coraz\u00f3n<\/em><\/p>\n<p>&nbsp;<\/p>\n","protected":false},"excerpt":{"rendered":"<p>&nbsp; &nbsp; &nbsp; [youtube https:\/\/www.youtube.com\/watch?v=lpnHVe-ppZI] &nbsp; [youtube https:\/\/www.youtube.com\/watch?v=d9475oqpYeI] &nbsp; Lectura espiritual En el movimiento de conversi\u00f3n, el hombre reencuentra su naturaleza verdadera que es ser oraci\u00f3n. Vuelve a ser el hombre nuevo salido de las manos del Creador, que reencuentra su vocaci\u00f3n de ser sacerdote de la creaci\u00f3n universal, \u00e9l que quer\u00eda ser simplemente el &hellip; <\/p>\n<p><a class=\"more-link btn\" href=\"https:\/\/smaria.salou.arqtgn.cat\/es\/domingo-xxvi-tiempo-ordinario-b-2018\/\">Seguir leyendo<\/a><\/p>\n","protected":false},"author":11,"featured_media":0,"comment_status":"closed","ping_status":"closed","sticky":false,"template":"","format":"standard","meta":{"footnotes":""},"categories":[52,49],"tags":[],"class_list":["post-10256","post","type-post","status-publish","format-standard","hentry","category-para-reflexionar","category-preparando-el-domingo","item-wrap"],"amp_enabled":true,"_links":{"self":[{"href":"https:\/\/smaria.salou.arqtgn.cat\/es\/wp-json\/wp\/v2\/posts\/10256","targetHints":{"allow":["GET"]}}],"collection":[{"href":"https:\/\/smaria.salou.arqtgn.cat\/es\/wp-json\/wp\/v2\/posts"}],"about":[{"href":"https:\/\/smaria.salou.arqtgn.cat\/es\/wp-json\/wp\/v2\/types\/post"}],"author":[{"embeddable":true,"href":"https:\/\/smaria.salou.arqtgn.cat\/es\/wp-json\/wp\/v2\/users\/11"}],"replies":[{"embeddable":true,"href":"https:\/\/smaria.salou.arqtgn.cat\/es\/wp-json\/wp\/v2\/comments?post=10256"}],"version-history":[{"count":0,"href":"https:\/\/smaria.salou.arqtgn.cat\/es\/wp-json\/wp\/v2\/posts\/10256\/revisions"}],"wp:attachment":[{"href":"https:\/\/smaria.salou.arqtgn.cat\/es\/wp-json\/wp\/v2\/media?parent=10256"}],"wp:term":[{"taxonomy":"category","embeddable":true,"href":"https:\/\/smaria.salou.arqtgn.cat\/es\/wp-json\/wp\/v2\/categories?post=10256"},{"taxonomy":"post_tag","embeddable":true,"href":"https:\/\/smaria.salou.arqtgn.cat\/es\/wp-json\/wp\/v2\/tags?post=10256"}],"curies":[{"name":"wp","href":"https:\/\/api.w.org\/{rel}","templated":true}]}}