{"id":10252,"date":"2018-09-21T16:46:54","date_gmt":"2018-09-21T14:46:54","guid":{"rendered":"http:\/\/smaria.salou.arqtgn.cat\/domingo-xxv-tiempo-ordinario-b-2018\/"},"modified":"2018-09-21T16:46:54","modified_gmt":"2018-09-21T14:46:54","slug":"domingo-xxv-tiempo-ordinario-b-2018","status":"publish","type":"post","link":"https:\/\/smaria.salou.arqtgn.cat\/es\/domingo-xxv-tiempo-ordinario-b-2018\/","title":{"rendered":"Domingo XXV tiempo ordinario \/ B \/ 2018"},"content":{"rendered":"<p>&nbsp;<\/p>\n<table style=\"height: 211px;width: 739px\">\n<tbody>\n<tr style=\"height: 256px\">\n<td style=\"height: 256px;width: 482px\">&nbsp;<\/p>\n<div id=\"attachment_7624\" style=\"width: 303px\" class=\"wp-caption aligncenter\"><a href=\"http:\/\/www.lecturesmissa.arquebisbattarragona.cat\/ca\/\" target=\"_blank\" rel=\"noopener noreferrer\"><img loading=\"lazy\" decoding=\"async\" aria-describedby=\"caption-attachment-7624\" class=\"wp-image-7624\" src=\"http:\/\/salou2.wp.arqtgn.cat\/wp-content\/uploads\/sites\/10\/2018\/07\/biblia.jpg\" alt=\"\" width=\"303\" height=\"177\" srcset=\"https:\/\/smaria.salou.arqtgn.cat\/wp-content\/uploads\/sites\/10\/2018\/07\/biblia.jpg 640w, https:\/\/smaria.salou.arqtgn.cat\/wp-content\/uploads\/sites\/10\/2018\/07\/biblia-300x176.jpg 300w\" sizes=\"auto, (max-width: 303px) 100vw, 303px\" \/><\/a><p id=\"caption-attachment-7624\" class=\"wp-caption-text\">Palabra de Dios<\/p><\/div>\n<p>&nbsp;<\/td>\n<td style=\"height: 256px;width: 232px\">\n<p><div id=\"attachment_5183\" style=\"width: 205px\" class=\"wp-caption aligncenter\"><a href=\"http:\/\/www.esglesiadetarragona.cat\/wp-content\/uploads\/2018\/09\/hd3576Castellano.pdf\" target=\"_blank\" rel=\"noopener noreferrer\"><img loading=\"lazy\" decoding=\"async\" aria-describedby=\"caption-attachment-5183\" class=\"wp-image-5183\" src=\"https:\/\/www.esglesiadetarragona.cat\/wp-content\/uploads\/2018\/09\/hd3576Castellano-2.jpg?sequence=3&amp;isAllowed=y?\" alt=\"\" width=\"205\" height=\"280\" \/><\/a><p id=\"caption-attachment-5183\" class=\"wp-caption-text\">Leer la Hoja Dominical<\/p><\/div><\/td>\n<\/tr>\n<\/tbody>\n<\/table>\n<p>[youtube https:\/\/www.youtube.com\/watch?v=OKFhVYkRpMg]<\/p>\n<p>&nbsp;<\/p>\n<p>[youtube https:\/\/www.youtube.com\/watch?v=sNK_-dG6Azk]<\/p>\n<p>&nbsp;<\/p>\n<h3><\/h3>\n<h3><strong><span style=\"color: #ff6600\">Lectura espiritual<\/span><\/strong><\/h3>\n<p style=\"text-align: justify\"><strong>La conversi\u00f3n<\/strong> es realmente una revoluci\u00f3n copernicana. Se trata del hecho de que <strong>el mundo ya no gira entorno del \u201cyo\u201d colectivo o individual, sino entorno de Dios y de los otros.<\/strong><\/p>\n<p style=\"text-align: justify\">Lo que hace que hayamos <strong>deca\u00eddo<\/strong> es que nuestra conciencia se ha deshecho del coraz\u00f3n y se ha identificado con las pasiones y los \u00eddolos. No para de lanzar sobre la buena creaci\u00f3n de Dios aquello que los espirituales denominan una telara\u00f1a, una mentira, todos los artificios del \u201cpadre de la mentira\u201d (Jo 8:44), es decir, sin Dios. Es la ilusi\u00f3n del Ed\u00e9n: <strong>\u201cSer\u00e9is como dioses\u201d.<\/strong><\/p>\n<p style=\"text-align: justify\"><strong>El hombre<\/strong> ya no vive en la verdad de su ser que recibe de Dios, <strong>quiere ser su propio creador<\/strong>. Por el pecado, se ha separado de la fuente y se ha vuelto incapaz de un verdadero encuentro con Dios y con sus hermanos.<\/p>\n<p style=\"text-align: justify\">San Macario se imagina a los pecadores cautivos atados uno a la espalda del otro, de tal manera que nunca pueden mirarse cara a cara para una verdadera comuni\u00f3n: \u201cEstamos hundidos en el fuego; m\u00e1s a\u00fan, no nos es permitido de ver a nadie de cara porque el rostro de uno da a la espalda del otro. Pero <strong>t\u00fa, cuando oras por nosotros, puedes entrever el rostro del otro, y esto nos alivia\u201d.<\/strong><\/p>\n<p style=\"text-align: justify\">Aqu\u00ed se ve claro que <strong>el hombre<\/strong> no tiene su centro en \u00e9l mismo, que <strong>la ley profunda de su vida es la comunicaci\u00f3n<\/strong>, la realizaci\u00f3n de s\u00ed mismo, por el intercambio mutuo.<\/p>\n<p style=\"text-align: justify\">Al afirmar que la naturaleza del hombre es oraci\u00f3n, <strong>no pensemos solo en el acto de la oraci\u00f3n<\/strong> sino en el <strong>estado de oraci\u00f3n<\/strong>, en la <strong>actitud de obertura o de s\u00faplica que le caracteriza<\/strong>. El hombre est\u00e1 hecho para el Rostro, para la sonrisa y para la comuni\u00f3n.<\/p>\n<p style=\"text-align: justify\">Mirad un <strong>ni\u00f1o<\/strong>: su movimiento espont\u00e1neo y natural es el de <strong>mirar, de admirar o de contemplar<\/strong>. Y si todav\u00eda no ha perdido la inocencia de la edad, <strong>alarga los brazos<\/strong> para dar los buenos d\u00edas y <strong>busca el rostro para abrazarlo<\/strong>. Otra actitud del ni\u00f1o es la de <strong>pedir<\/strong> lo que \u00e9l mismo no puede darse.<\/p>\n<p style=\"text-align: justify\">En el <strong>ni\u00f1o<\/strong> encontramos en estado puro lo que tendr\u00eda que ser el hombre: <strong>un ser que tiende hacia el otro para la comuni\u00f3n, un ser que gira su rostro hacia el encuentro: es la adoraci\u00f3n.<\/strong><\/p>\n<p style=\"text-align: justify\">Por el contrario, <strong>el anciano reencuentra o deber\u00eda reencontrar el esp\u00edritu de la infancia. <\/strong>\u201cEn el Oriente se ama mucho <strong>la vejez<\/strong> porque se piensa que <strong>est\u00e1 hecha precisamente para orar<\/strong>. El viejo se encuentra liberado. Cuando uno es peque\u00f1o, hasta los 10 o 12 a\u00f1os, reza. Despu\u00e9s ya viene la gran bulla y se corre el riesgo de no rezar m\u00e1s. <strong>Una civilizaci\u00f3n que ya no reza es una civilizaci\u00f3n en la que la vejez ya no tiene ning\u00fan sentido.<\/strong> Y esto es aterrador. Ya que antes que todo necesitamos ancianos que recen porque la vejez nos es dada para eso\u201d (Olivier Cl\u00e9ment).<\/p>\n<p style=\"text-align: right\"><em>Jean Lafrange: La oraci\u00f3n del coraz\u00f3n<\/em><\/p>\n<p>&nbsp;<\/p>\n","protected":false},"excerpt":{"rendered":"<p>&nbsp; &nbsp; &nbsp; [youtube https:\/\/www.youtube.com\/watch?v=OKFhVYkRpMg] &nbsp; [youtube https:\/\/www.youtube.com\/watch?v=sNK_-dG6Azk] &nbsp; Lectura espiritual La conversi\u00f3n es realmente una revoluci\u00f3n copernicana. Se trata del hecho de que el mundo ya no gira entorno del \u201cyo\u201d colectivo o individual, sino entorno de Dios y de los otros. Lo que hace que hayamos deca\u00eddo es que nuestra conciencia se ha &hellip; <\/p>\n<p><a class=\"more-link btn\" href=\"https:\/\/smaria.salou.arqtgn.cat\/es\/domingo-xxv-tiempo-ordinario-b-2018\/\">Seguir leyendo<\/a><\/p>\n","protected":false},"author":11,"featured_media":0,"comment_status":"closed","ping_status":"closed","sticky":false,"template":"","format":"standard","meta":{"footnotes":""},"categories":[52,49],"tags":[],"class_list":["post-10252","post","type-post","status-publish","format-standard","hentry","category-para-reflexionar","category-preparando-el-domingo","item-wrap"],"amp_enabled":true,"_links":{"self":[{"href":"https:\/\/smaria.salou.arqtgn.cat\/es\/wp-json\/wp\/v2\/posts\/10252","targetHints":{"allow":["GET"]}}],"collection":[{"href":"https:\/\/smaria.salou.arqtgn.cat\/es\/wp-json\/wp\/v2\/posts"}],"about":[{"href":"https:\/\/smaria.salou.arqtgn.cat\/es\/wp-json\/wp\/v2\/types\/post"}],"author":[{"embeddable":true,"href":"https:\/\/smaria.salou.arqtgn.cat\/es\/wp-json\/wp\/v2\/users\/11"}],"replies":[{"embeddable":true,"href":"https:\/\/smaria.salou.arqtgn.cat\/es\/wp-json\/wp\/v2\/comments?post=10252"}],"version-history":[{"count":0,"href":"https:\/\/smaria.salou.arqtgn.cat\/es\/wp-json\/wp\/v2\/posts\/10252\/revisions"}],"wp:attachment":[{"href":"https:\/\/smaria.salou.arqtgn.cat\/es\/wp-json\/wp\/v2\/media?parent=10252"}],"wp:term":[{"taxonomy":"category","embeddable":true,"href":"https:\/\/smaria.salou.arqtgn.cat\/es\/wp-json\/wp\/v2\/categories?post=10252"},{"taxonomy":"post_tag","embeddable":true,"href":"https:\/\/smaria.salou.arqtgn.cat\/es\/wp-json\/wp\/v2\/tags?post=10252"}],"curies":[{"name":"wp","href":"https:\/\/api.w.org\/{rel}","templated":true}]}}