{"id":10250,"date":"2018-09-15T01:19:45","date_gmt":"2018-09-14T23:19:45","guid":{"rendered":"http:\/\/smaria.salou.arqtgn.cat\/domingo-xxiv-tiempo-ordinario-b-2018\/"},"modified":"2018-09-15T01:19:45","modified_gmt":"2018-09-14T23:19:45","slug":"domingo-xxiv-tiempo-ordinario-b-2018","status":"publish","type":"post","link":"https:\/\/smaria.salou.arqtgn.cat\/es\/domingo-xxiv-tiempo-ordinario-b-2018\/","title":{"rendered":"Domingo XXIV tiempo ordinario \/ B \/ 2018"},"content":{"rendered":"<p>&nbsp;<\/p>\n<table style=\"height: 211px;width: 739px\">\n<tbody>\n<tr style=\"height: 256px\">\n<td style=\"height: 256px;width: 482px\">&nbsp;<\/p>\n<div id=\"attachment_7624\" style=\"width: 303px\" class=\"wp-caption aligncenter\"><a href=\"http:\/\/www.lecturesmissa.arquebisbattarragona.cat\/ca\/\" target=\"_blank\" rel=\"noopener noreferrer\"><img loading=\"lazy\" decoding=\"async\" aria-describedby=\"caption-attachment-7624\" class=\"wp-image-7624\" src=\"http:\/\/salou2.wp.arqtgn.cat\/wp-content\/uploads\/sites\/10\/2018\/07\/biblia.jpg\" alt=\"\" width=\"303\" height=\"177\" srcset=\"https:\/\/smaria.salou.arqtgn.cat\/wp-content\/uploads\/sites\/10\/2018\/07\/biblia.jpg 640w, https:\/\/smaria.salou.arqtgn.cat\/wp-content\/uploads\/sites\/10\/2018\/07\/biblia-300x176.jpg 300w\" sizes=\"auto, (max-width: 303px) 100vw, 303px\" \/><\/a><p id=\"caption-attachment-7624\" class=\"wp-caption-text\">Palabra de Dios<\/p><\/div>\n<p>&nbsp;<\/td>\n<td style=\"height: 256px;width: 232px\">\n<p><div id=\"attachment_5183\" style=\"width: 205px\" class=\"wp-caption aligncenter\"><a href=\"http:\/\/www.esglesiadetarragona.cat\/wp-content\/uploads\/2018\/09\/hd3575Castellano.pdf\" target=\"_blank\" rel=\"noopener noreferrer\"><img loading=\"lazy\" decoding=\"async\" aria-describedby=\"caption-attachment-5183\" class=\"wp-image-5183\" src=\"https:\/\/www.esglesiadetarragona.cat\/wp-content\/uploads\/2018\/09\/hd3575Castellano-2.jpg?sequence=3&amp;isAllowed=y?\" alt=\"\" width=\"205\" height=\"280\" \/><\/a><p id=\"caption-attachment-5183\" class=\"wp-caption-text\">Leer la Hoja Dominical<\/p><\/div><\/td>\n<\/tr>\n<\/tbody>\n<\/table>\n<p>[youtube https:\/\/www.youtube.com\/watch?v=Acj8CX0gr-I]<\/p>\n<p>&nbsp;<\/p>\n<p>[youtube https:\/\/www.youtube.com\/watch?v=_LBM9QYcevg]<\/p>\n<p>&nbsp;<\/p>\n<h3><\/h3>\n<h3><strong><span style=\"color: #ff6600\">Lectura espiritual<\/span><\/strong><\/h3>\n<p style=\"text-align: justify\"><em>&#8230;\u201dNo lo conozco, mujer\u201d [\u2026] \u201c\u2026no lo soy\u201d [\u2026] \u201c\u2026no s\u00e9 de qu\u00e9 me hablas\u201d [\u2026] El Se\u00f1or, volvi\u00e9ndose, mir\u00f3 a Pedro, [y \u00e9ste], saliendo fuera, llor\u00f3 amargamente. <\/em>(Lc 22,57-62).<\/p>\n<p style=\"text-align: justify\">\u00a0No se trata forzosamente de un derramamiento de l\u00e1grimas sino de aquella <strong>suavidad que viene del coraz\u00f3n y que hace brillar la mirada.<\/strong><\/p>\n<p style=\"text-align: justify\">Tal como dice Olivier Cl\u00e9ment, nos hemos convertido en una civilizaci\u00f3n que ya no llora y por eso hoy d\u00eda todo el mundo grita tanto. Los j\u00f3venes gritan como si quisieran liberar en ellos los gemidos del Esp\u00edritu encarcelado en su coraz\u00f3n de piedra.<\/p>\n<p style=\"text-align: justify\">Hay que reencontrar la posibilidad de <strong>hacer brotar en nosotros<\/strong>, por las l\u00e1grimas, <strong>el agua del bautismo<\/strong>, de disolver en el agua de las l\u00e1grimas la piedra de nuestro coraz\u00f3n para que nuestro coraz\u00f3n de piedra se vuelva un coraz\u00f3n de carne.<\/p>\n<p style=\"text-align: justify\">Y estas l\u00e1grimas son primeramente l\u00e1grimas de penitencia, <strong>l\u00e1grimas de pensamiento de la muerte<\/strong>, cuando tomamos conciencia de ser responsables de esta separaci\u00f3n.<\/p>\n<p style=\"text-align: justify\">Todos nosotros hemos hecho ya esta experiencia, aquellos d\u00edas que somos verdaderamente felices porque nos sentimos amados y realizamos una buena obra.<\/p>\n<p style=\"text-align: justify\">Sin embargo, de repente, en el coraz\u00f3n mismo de aquella felicidad, experimentamos un gusto de ceniza y de muerte porque sentimos profundamente que todo esto se acabar\u00e1. Dir\u00eda que es esto hacer la experiencia del pensamiento de la muerte.<\/p>\n<p style=\"text-align: justify\"><strong>En la bienaventuranza de las l\u00e1grimas, el pensamiento de la muerte se transforma en pensamiento de Dios. <\/strong><\/p>\n<p style=\"text-align: justify\"><strong>Poco a poco, por la humildad, la confianza y el pensamiento de Dios, las l\u00e1grimas de arrepentimiento se transforman en l\u00e1grimas de admiraci\u00f3n, de gratitud y de j\u00fabilo. <\/strong><\/p>\n<p style=\"text-align: justify\">San Juan Cl\u00edmaco dec\u00eda: \u201cLa fuente de las l\u00e1grimas, despu\u00e9s del bautismo, es algo todav\u00eda m\u00e1s grande que el bautismo. Aquel que se reviste de las l\u00e1grimas como de un vestido de boda ha percibido la bienaventurada sonrisa del alma\u201d.<\/p>\n<p style=\"text-align: justify\">Es en este <strong>movimiento de conversi\u00f3n<\/strong> que se habla de \u201cteolog\u00eda negativa\u201d: \u201c\u00a1Oh T\u00fa, el m\u00e1s all\u00e1 de todo!\u201d. Se tiene la certeza de que <strong>no podemos comprender a Dios con im\u00e1genes y conceptos<\/strong>, m\u00e1s all\u00e1 de la palabra Dios.<\/p>\n<p style=\"text-align: justify\">Y esa teolog\u00eda nos dice: \u201cas\u00ed pues, arrepentiros. Ante el Inaccesible solo pod\u00e9is tener una actitud: <strong>el temblor \u00a0[el temor de Dios] que se convierte en arrepentimiento, adoraci\u00f3n, celebraci\u00f3n.<\/strong><\/p>\n<p style=\"text-align: right\"><em>Jean Lafrange: La oraci\u00f3n del coraz\u00f3n<\/em><\/p>\n<p>&nbsp;<\/p>\n","protected":false},"excerpt":{"rendered":"<p>&nbsp; &nbsp; &nbsp; [youtube https:\/\/www.youtube.com\/watch?v=Acj8CX0gr-I] &nbsp; [youtube https:\/\/www.youtube.com\/watch?v=_LBM9QYcevg] &nbsp; Lectura espiritual &#8230;\u201dNo lo conozco, mujer\u201d [\u2026] \u201c\u2026no lo soy\u201d [\u2026] \u201c\u2026no s\u00e9 de qu\u00e9 me hablas\u201d [\u2026] El Se\u00f1or, volvi\u00e9ndose, mir\u00f3 a Pedro, [y \u00e9ste], saliendo fuera, llor\u00f3 amargamente. (Lc 22,57-62). \u00a0No se trata forzosamente de un derramamiento de l\u00e1grimas sino de aquella suavidad que &hellip; <\/p>\n<p><a class=\"more-link btn\" href=\"https:\/\/smaria.salou.arqtgn.cat\/es\/domingo-xxiv-tiempo-ordinario-b-2018\/\">Seguir leyendo<\/a><\/p>\n","protected":false},"author":11,"featured_media":0,"comment_status":"closed","ping_status":"closed","sticky":false,"template":"","format":"standard","meta":{"footnotes":""},"categories":[52,49],"tags":[],"class_list":["post-10250","post","type-post","status-publish","format-standard","hentry","category-para-reflexionar","category-preparando-el-domingo","item-wrap"],"amp_enabled":true,"_links":{"self":[{"href":"https:\/\/smaria.salou.arqtgn.cat\/es\/wp-json\/wp\/v2\/posts\/10250","targetHints":{"allow":["GET"]}}],"collection":[{"href":"https:\/\/smaria.salou.arqtgn.cat\/es\/wp-json\/wp\/v2\/posts"}],"about":[{"href":"https:\/\/smaria.salou.arqtgn.cat\/es\/wp-json\/wp\/v2\/types\/post"}],"author":[{"embeddable":true,"href":"https:\/\/smaria.salou.arqtgn.cat\/es\/wp-json\/wp\/v2\/users\/11"}],"replies":[{"embeddable":true,"href":"https:\/\/smaria.salou.arqtgn.cat\/es\/wp-json\/wp\/v2\/comments?post=10250"}],"version-history":[{"count":0,"href":"https:\/\/smaria.salou.arqtgn.cat\/es\/wp-json\/wp\/v2\/posts\/10250\/revisions"}],"wp:attachment":[{"href":"https:\/\/smaria.salou.arqtgn.cat\/es\/wp-json\/wp\/v2\/media?parent=10250"}],"wp:term":[{"taxonomy":"category","embeddable":true,"href":"https:\/\/smaria.salou.arqtgn.cat\/es\/wp-json\/wp\/v2\/categories?post=10250"},{"taxonomy":"post_tag","embeddable":true,"href":"https:\/\/smaria.salou.arqtgn.cat\/es\/wp-json\/wp\/v2\/tags?post=10250"}],"curies":[{"name":"wp","href":"https:\/\/api.w.org\/{rel}","templated":true}]}}