{"id":10248,"date":"2018-09-14T17:48:08","date_gmt":"2018-09-14T15:48:08","guid":{"rendered":"http:\/\/smaria.salou.arqtgn.cat\/entrevista-a-mn-santi-en-el-diario-la-ciutat-de-tarragona\/"},"modified":"2018-09-14T17:48:08","modified_gmt":"2018-09-14T15:48:08","slug":"entrevista-a-mn-santi-en-el-diario-la-ciutat-de-tarragona","status":"publish","type":"post","link":"https:\/\/smaria.salou.arqtgn.cat\/es\/entrevista-a-mn-santi-en-el-diario-la-ciutat-de-tarragona\/","title":{"rendered":"Entrevista a Mn. Santi en el diario La Ciutat de Tarragona"},"content":{"rendered":"<p><img loading=\"lazy\" decoding=\"async\" class=\"alignnone \" src=\"http:\/\/laciutat.cat\/wp-content\/uploads\/2018\/05\/laciutattarragona.png\" width=\"276\" height=\"81\" \/><\/p>\n<h1 class=\"entry-title\">\u201cHi ha gent que no t\u00e9 for\u00e7a per a seguir cap endavant\u201d<\/h1>\n<p><strong>-Quan va n\u00e9ixer l\u2019entitat i amb quins objectius?<br \/>\n<\/strong>L\u2019entitat es va crear a comen\u00e7ament dels anys 50 dins de l\u2019esgl\u00e9sia i, per tant, dep\u00e8n d\u2019aquesta. C\u00e0ritas Salou \u00e9s una entitat local que pertany a la di\u00f2cesi de Tarragona i tenim els nostres objectius propis en l\u2019\u00e0mbit local, per\u00f2 l\u2019objectiu principal \u00e9s ajudar als m\u00e9s pobres i necessitats; nosaltres estem ajudant a prop de 200 fam\u00edlies.<\/p>\n<p><a href=\"http:\/\/laciutat.cat\/santiago-soro-hi-ha-gent-que-no-te-forca-per-a-seguir-cap-endavant\" target=\"_blank\" rel=\"noopener noreferrer\">Leer toda la entrevista<\/a><\/p>\n","protected":false},"excerpt":{"rendered":"<p>\u201cHi ha gent que no t\u00e9 for\u00e7a per a seguir cap endavant\u201d -Quan va n\u00e9ixer l\u2019entitat i amb quins objectius? L\u2019entitat es va crear a comen\u00e7ament dels anys 50 dins de l\u2019esgl\u00e9sia i, per tant, dep\u00e8n d\u2019aquesta. C\u00e0ritas Salou \u00e9s una entitat local que pertany a la di\u00f2cesi de Tarragona i tenim els nostres objectius &hellip; <\/p>\n<p><a class=\"more-link btn\" href=\"https:\/\/smaria.salou.arqtgn.cat\/es\/entrevista-a-mn-santi-en-el-diario-la-ciutat-de-tarragona\/\">Seguir leyendo<\/a><\/p>\n","protected":false},"author":11,"featured_media":0,"comment_status":"closed","ping_status":"closed","sticky":false,"template":"","format":"standard","meta":{"footnotes":""},"categories":[],"tags":[],"class_list":["post-10248","post","type-post","status-publish","format-standard","hentry","item-wrap"],"amp_enabled":true,"_links":{"self":[{"href":"https:\/\/smaria.salou.arqtgn.cat\/es\/wp-json\/wp\/v2\/posts\/10248","targetHints":{"allow":["GET"]}}],"collection":[{"href":"https:\/\/smaria.salou.arqtgn.cat\/es\/wp-json\/wp\/v2\/posts"}],"about":[{"href":"https:\/\/smaria.salou.arqtgn.cat\/es\/wp-json\/wp\/v2\/types\/post"}],"author":[{"embeddable":true,"href":"https:\/\/smaria.salou.arqtgn.cat\/es\/wp-json\/wp\/v2\/users\/11"}],"replies":[{"embeddable":true,"href":"https:\/\/smaria.salou.arqtgn.cat\/es\/wp-json\/wp\/v2\/comments?post=10248"}],"version-history":[{"count":0,"href":"https:\/\/smaria.salou.arqtgn.cat\/es\/wp-json\/wp\/v2\/posts\/10248\/revisions"}],"wp:attachment":[{"href":"https:\/\/smaria.salou.arqtgn.cat\/es\/wp-json\/wp\/v2\/media?parent=10248"}],"wp:term":[{"taxonomy":"category","embeddable":true,"href":"https:\/\/smaria.salou.arqtgn.cat\/es\/wp-json\/wp\/v2\/categories?post=10248"},{"taxonomy":"post_tag","embeddable":true,"href":"https:\/\/smaria.salou.arqtgn.cat\/es\/wp-json\/wp\/v2\/tags?post=10248"}],"curies":[{"name":"wp","href":"https:\/\/api.w.org\/{rel}","templated":true}]}}