{"id":10188,"date":"2018-07-19T17:21:04","date_gmt":"2018-07-19T15:21:04","guid":{"rendered":"http:\/\/smaria.salou.arqtgn.cat\/iv-concierto-de-cristina-ruiz-y-sandra-garcia-a-beneficio-de-las-obras-de-santa-maria-del-mar\/"},"modified":"2018-07-19T17:21:04","modified_gmt":"2018-07-19T15:21:04","slug":"iv-concierto-de-cristina-ruiz-y-sandra-garcia-a-beneficio-de-las-obras-de-santa-maria-del-mar","status":"publish","type":"post","link":"https:\/\/smaria.salou.arqtgn.cat\/es\/iv-concierto-de-cristina-ruiz-y-sandra-garcia-a-beneficio-de-las-obras-de-santa-maria-del-mar\/","title":{"rendered":"IV Concierto de Cristina Ruiz y Sandra Garc\u00eda a beneficio de las obras de Santa Maria del Mar"},"content":{"rendered":"<p style=\"text-align: justify\">El pr\u00f3ximo viernes 27 de julio tendr\u00e1 lugar la IV edici\u00f3n de los conciertos anuales que ofrece la soprano, hija de Salou, Cristina Ruiz, a beneficio de las obras de remodelaci\u00f3n de nuestra parroquia. Este a\u00f1o acompa\u00f1ada al piano por Sandra Garc\u00eda.<\/p>\n<p style=\"text-align: justify\">Ambas interpretar\u00e1n un ciclo de 8 canciones de Robert Schumann, que da t\u00edtulo al concierto, seguidas de una cuidada selecci\u00f3n de \u00e1reas de \u00f3pera y zarzuela, que como cada a\u00f1o har\u00e1n las delicias de los asistentes. No falt\u00e9is, os esperamos !!<\/p>\n<p><a href=\"http:\/\/salou2.wp.arqtgn.cat\/wp-content\/uploads\/sites\/10\/2018\/07\/Cartell_c.jpg\"><img loading=\"lazy\" decoding=\"async\" class=\"aligncenter size-full wp-image-7692\" src=\"http:\/\/salou2.wp.arqtgn.cat\/wp-content\/uploads\/sites\/10\/2018\/07\/Cartell_c.jpg\" alt=\"\" width=\"1122\" height=\"1588\" srcset=\"https:\/\/smaria.salou.arqtgn.cat\/wp-content\/uploads\/sites\/10\/2018\/07\/Cartell_c.jpg 1122w, https:\/\/smaria.salou.arqtgn.cat\/wp-content\/uploads\/sites\/10\/2018\/07\/Cartell_c-212x300.jpg 212w, https:\/\/smaria.salou.arqtgn.cat\/wp-content\/uploads\/sites\/10\/2018\/07\/Cartell_c-768x1087.jpg 768w, https:\/\/smaria.salou.arqtgn.cat\/wp-content\/uploads\/sites\/10\/2018\/07\/Cartell_c-724x1024.jpg 724w\" sizes=\"auto, (max-width: 1122px) 100vw, 1122px\" \/><\/a><\/p>\n","protected":false},"excerpt":{"rendered":"<p>El pr\u00f3ximo viernes 27 de julio tendr\u00e1 lugar la IV edici\u00f3n de los conciertos anuales que ofrece la soprano, hija de Salou, Cristina Ruiz, a beneficio de las obras de remodelaci\u00f3n de nuestra parroquia. Este a\u00f1o acompa\u00f1ada al piano por Sandra Garc\u00eda. Ambas interpretar\u00e1n un ciclo de 8 canciones de Robert Schumann, que da t\u00edtulo &hellip; <\/p>\n<p><a class=\"more-link btn\" href=\"https:\/\/smaria.salou.arqtgn.cat\/es\/iv-concierto-de-cristina-ruiz-y-sandra-garcia-a-beneficio-de-las-obras-de-santa-maria-del-mar\/\">Seguir leyendo<\/a><\/p>\n","protected":false},"author":11,"featured_media":0,"comment_status":"closed","ping_status":"closed","sticky":false,"template":"","format":"standard","meta":{"footnotes":""},"categories":[],"tags":[],"class_list":["post-10188","post","type-post","status-publish","format-standard","hentry","item-wrap"],"amp_enabled":true,"_links":{"self":[{"href":"https:\/\/smaria.salou.arqtgn.cat\/es\/wp-json\/wp\/v2\/posts\/10188","targetHints":{"allow":["GET"]}}],"collection":[{"href":"https:\/\/smaria.salou.arqtgn.cat\/es\/wp-json\/wp\/v2\/posts"}],"about":[{"href":"https:\/\/smaria.salou.arqtgn.cat\/es\/wp-json\/wp\/v2\/types\/post"}],"author":[{"embeddable":true,"href":"https:\/\/smaria.salou.arqtgn.cat\/es\/wp-json\/wp\/v2\/users\/11"}],"replies":[{"embeddable":true,"href":"https:\/\/smaria.salou.arqtgn.cat\/es\/wp-json\/wp\/v2\/comments?post=10188"}],"version-history":[{"count":0,"href":"https:\/\/smaria.salou.arqtgn.cat\/es\/wp-json\/wp\/v2\/posts\/10188\/revisions"}],"wp:attachment":[{"href":"https:\/\/smaria.salou.arqtgn.cat\/es\/wp-json\/wp\/v2\/media?parent=10188"}],"wp:term":[{"taxonomy":"category","embeddable":true,"href":"https:\/\/smaria.salou.arqtgn.cat\/es\/wp-json\/wp\/v2\/categories?post=10188"},{"taxonomy":"post_tag","embeddable":true,"href":"https:\/\/smaria.salou.arqtgn.cat\/es\/wp-json\/wp\/v2\/tags?post=10188"}],"curies":[{"name":"wp","href":"https:\/\/api.w.org\/{rel}","templated":true}]}}