{"id":10186,"date":"2018-07-18T17:24:42","date_gmt":"2018-07-18T15:24:42","guid":{"rendered":"http:\/\/smaria.salou.arqtgn.cat\/exitp-del-concierto-conmemorativo-de-lany-vidal-i-barraquer-i-mn-muntanyola\/"},"modified":"2018-07-18T17:24:42","modified_gmt":"2018-07-18T15:24:42","slug":"exitp-del-concierto-conmemorativo-de-lany-vidal-i-barraquer-i-mn-muntanyola","status":"publish","type":"post","link":"https:\/\/smaria.salou.arqtgn.cat\/es\/exitp-del-concierto-conmemorativo-de-lany-vidal-i-barraquer-i-mn-muntanyola\/","title":{"rendered":"\u00c9xitp del concierto conmemorativo de l&#8217;Any Vidal i Barraquer i Mn. Muntanyola"},"content":{"rendered":"<div style=\"width: 1309px\" class=\"wp-caption aligncenter\"><a href=\"https:\/\/photos.app.goo.gl\/7q7W49eKTaSwd4Ko7\" target=\"_blank\" rel=\"noopener noreferrer\"><img loading=\"lazy\" decoding=\"async\" src=\"https:\/\/lh3.googleusercontent.com\/Yx4PkAZo-2yQEkApaamhDh_r7Cs6xIA_b4ZH2qouz-UZi6y9xfH3jRT6ztEeD5qT1-LUN9KIf3JuyzDKfQbVO_EgdmNnMUvWaQ_vPaaermz4c0OmlaH5rGe2l4kOFcLRfcrVJJcMXypiB8o_WRVJ2AcqpxzEx81c2YOtX4mdIXGnufhx9BRHmTPW5L5_ATgLr2NthONMBVPfDbcP1N2TPFmpt672W1Pw03uf8Da3Dz9mj_tVGOweG3MgWXsXtnCln9ObCYCKjayucKAqZfSUKhmvaTKGRlX89YKR2Tk0HpGdgI402KSSSxev2fLlDmCoUzyHHYHqpaYphdlOvfOMNyl8vnz9G7905HrTdzuFqf__GST9BrRw7_5voLDqbOwoXdCnEyH_3-81zAS5EwdRMeAQd9LA7W9PIgOzQCdTd8duQhWZOTicbSlhgfmcHxeb1lehg1HZ4pqRkYr71dugexZsbSkO4Tlq-TYWyxo-xRk25jJER_2T7WbgdmTS9Q_tV3t3JUpC93zYHuhJetAmDjHlbxKWxDqxwtBKd9LxQe2Th0KNVdXW14SD9dFH0g2W_Vxsc6UVgOcHPEl2u_8a97qkKGt4qYi-eCKnE-qDce-ro7HEv3ZewGk3l0nuP3WfNVCgw6_oOpbusTR584p28jrJK4IYxKPE=w1309-h737-no\" alt=\"\" width=\"1309\" height=\"737\" \/><\/a><p class=\"wp-caption-text\">Clicar encima de la imagen para ver m\u00e1s fotos<\/p><\/div>\n<p style=\"text-align: justify\">Este viernes 13 pasado, tal como estaba programado a las 20:30h de la tarde, tuvo lugar en nuestra parroquia el concierto conmemorativo del 150 aniversario del nacimiento del Cardenal Vidal i Barraquer y tambi\u00e9n del centenario de nacimiento de Mn. Ramon Muntanyola.<\/p>\n<div style=\"width: 327px\" class=\"wp-caption alignright\"><a href=\"https:\/\/photos.app.goo.gl\/7q7W49eKTaSwd4Ko7\" target=\"_blank\" rel=\"noopener noreferrer\"><img loading=\"lazy\" decoding=\"async\" src=\"https:\/\/lh3.googleusercontent.com\/rP-98ADJm47mQxZhItombgz6I9iJtnXCiHYryWK0B66Fmn1X9kzHsslaqzmQnNQEE2o-fJEvley-UQj3P5rgrqSg8K_xL4xH-cDGmwngA2t2jlXLiISYD2QJQ86on4aP1RCcz35NriEcCmwV4RGVyXFeHlzw_iA3G_An1TlisdTg7ry44tF3jnudw_plSZ4GGb-kvUMCsHFuhDfjdpLZqX2JK7Un9UWxzGS-ITsYkmK4xNwIxwSrn1E5o-1_3ErceP7RJLxct3p1yg3DEJDDMdVtF2zX-fQp6daCpyM_4UUqjL7LN4vI3094itZMqKTbdjXtBkK8bgNjtYPQAu7p3uMck4JRYbfbD4qbRtalJr0Nc2dMNh-xKzJrXRv2w5htfvlErQ1ykNiVpheo962ZGeXXwL28Tc9zN709DYA_-1XzOwejwShwp76uO1oWVNX6HDUdVPQ-azFF8wns2NZfQkREefTdSESXiWQHV3_eDi9AGY3igz0gxxeaO5izDHdn_1yzmqQaM582aUx6g-F4aZAqKc8ffq8IOyuXl2flBIFCfr0Lj7KPRMhNhpTvjCbSs_xbSnj_Ai3FTXoIaY1W4_NRcsN6btd9NgGSWH4Ik4QrrEXsqF_two0uO0Yf67A-DujLlCCMGDBW2y1G-7b9pyknyGypm7EY=w497-h881-no\" alt=\"\" width=\"327\" height=\"581\" \/><\/a><p class=\"wp-caption-text\">Clicar encima de la imagen para ver m\u00e1s fotos<\/p><\/div>\n<p style=\"text-align: justify\">Este concierto ya lo programamos el pasado verano, que era el a\u00f1o Muntanyola, pero por diversas razones de agenda no fue posible, y est\u00e1 incluido en los actos que desde la parroquia, donde fue rector Mn. Ramon Muntanyola, hemos querido organizar.<\/p>\n<p style=\"text-align: justify\">El acto congreg\u00f3 300 personas que dio a la iglesia una imagen muy agradable y acogedora. Cont\u00f3 tambi\u00e9n con la asistencia de la concejala de cultura del Ayuntamiento de Salou, la Sra. M\u00aa Jos\u00e9 Rodr\u00edguez, Jos\u00e9 M. Panicello Hern\u00e1ndez, Comisionado Any Cardenal Vidal y Barraquer del Ayuntamiento de Cambrils, y unos sobrinos del Cardenal que presidieron el acto.<\/p>\n<p style=\"text-align: justify\">El Cor y Orquestra dels Amics de la Catedral de Tarragona interpretaron una a una las piezas del programa aplaudidos con entusiasmo por los asistentes. Especialmente emotivo fue la interpretaci\u00f3n del poema sinf\u00f3nico sobre un di\u00e1logo imaginario entre Mn. Ramon Muntanyola y Llorach, presb\u00edtero y el Cardenal-Arzobispo de Tarragona y Primado, Francesc d\u2019Ass\u00eds Vidal i Barraquer, titulado El sacerdote y el cardenal, con texto y m\u00fasica de Josep-Enric Peris, que es daba sentido al acto. El concierto acab\u00f3 con una pieza cantada por todos los asistentes al concierto.<\/p>\n<p style=\"text-align: justify\">Despu\u00e9s, ya que era tarde, se prepar\u00f3 una cena fr\u00eda que fue gentileza de los hoteles Blaumar, Playa Park, Casablanca y Niza.<\/p>\n","protected":false},"excerpt":{"rendered":"<p>Este viernes 13 pasado, tal como estaba programado a las 20:30h de la tarde, tuvo lugar en nuestra parroquia el concierto conmemorativo del 150 aniversario del nacimiento del Cardenal Vidal i Barraquer y tambi\u00e9n del centenario de nacimiento de Mn. Ramon Muntanyola. Este concierto ya lo programamos el pasado verano, que era el a\u00f1o Muntanyola, &hellip; <\/p>\n<p><a class=\"more-link btn\" href=\"https:\/\/smaria.salou.arqtgn.cat\/es\/exitp-del-concierto-conmemorativo-de-lany-vidal-i-barraquer-i-mn-muntanyola\/\">Seguir leyendo<\/a><\/p>\n","protected":false},"author":11,"featured_media":0,"comment_status":"closed","ping_status":"closed","sticky":false,"template":"","format":"standard","meta":{"footnotes":""},"categories":[],"tags":[],"class_list":["post-10186","post","type-post","status-publish","format-standard","hentry","item-wrap"],"amp_enabled":true,"_links":{"self":[{"href":"https:\/\/smaria.salou.arqtgn.cat\/es\/wp-json\/wp\/v2\/posts\/10186","targetHints":{"allow":["GET"]}}],"collection":[{"href":"https:\/\/smaria.salou.arqtgn.cat\/es\/wp-json\/wp\/v2\/posts"}],"about":[{"href":"https:\/\/smaria.salou.arqtgn.cat\/es\/wp-json\/wp\/v2\/types\/post"}],"author":[{"embeddable":true,"href":"https:\/\/smaria.salou.arqtgn.cat\/es\/wp-json\/wp\/v2\/users\/11"}],"replies":[{"embeddable":true,"href":"https:\/\/smaria.salou.arqtgn.cat\/es\/wp-json\/wp\/v2\/comments?post=10186"}],"version-history":[{"count":0,"href":"https:\/\/smaria.salou.arqtgn.cat\/es\/wp-json\/wp\/v2\/posts\/10186\/revisions"}],"wp:attachment":[{"href":"https:\/\/smaria.salou.arqtgn.cat\/es\/wp-json\/wp\/v2\/media?parent=10186"}],"wp:term":[{"taxonomy":"category","embeddable":true,"href":"https:\/\/smaria.salou.arqtgn.cat\/es\/wp-json\/wp\/v2\/categories?post=10186"},{"taxonomy":"post_tag","embeddable":true,"href":"https:\/\/smaria.salou.arqtgn.cat\/es\/wp-json\/wp\/v2\/tags?post=10186"}],"curies":[{"name":"wp","href":"https:\/\/api.w.org\/{rel}","templated":true}]}}