{"id":10182,"date":"2018-07-13T16:22:09","date_gmt":"2018-07-13T14:22:09","guid":{"rendered":"http:\/\/smaria.salou.arqtgn.cat\/domingo-xv-tiempo-ordinario-b-2018\/"},"modified":"2018-07-13T16:22:09","modified_gmt":"2018-07-13T14:22:09","slug":"domingo-xv-tiempo-ordinario-b-2018","status":"publish","type":"post","link":"https:\/\/smaria.salou.arqtgn.cat\/es\/domingo-xv-tiempo-ordinario-b-2018\/","title":{"rendered":"Domingo XV tiempo ordinario \/ B \/ 2018"},"content":{"rendered":"<p>&nbsp;<\/p>\n<table style=\"height: 211px;width: 739px\">\n<tbody>\n<tr style=\"height: 256px\">\n<td style=\"height: 256px;width: 482px\">&nbsp;<\/p>\n<div id=\"attachment_7624\" style=\"width: 303px\" class=\"wp-caption aligncenter\"><a href=\"http:\/\/www.lecturesmissa.arquebisbattarragona.cat\/ca\/\" target=\"_blank\" rel=\"noopener noreferrer\"><img loading=\"lazy\" decoding=\"async\" aria-describedby=\"caption-attachment-7624\" class=\"wp-image-7624\" src=\"http:\/\/salou2.wp.arqtgn.cat\/wp-content\/uploads\/sites\/10\/2018\/07\/biblia.jpg\" alt=\"\" width=\"303\" height=\"177\" srcset=\"https:\/\/smaria.salou.arqtgn.cat\/wp-content\/uploads\/sites\/10\/2018\/07\/biblia.jpg 640w, https:\/\/smaria.salou.arqtgn.cat\/wp-content\/uploads\/sites\/10\/2018\/07\/biblia-300x176.jpg 300w\" sizes=\"auto, (max-width: 303px) 100vw, 303px\" \/><\/a><p id=\"caption-attachment-7624\" class=\"wp-caption-text\">Palabra de Dios<\/p><\/div>\n<p>&nbsp;<\/td>\n<td style=\"height: 256px;width: 232px\">\n<p><div id=\"attachment_5183\" style=\"width: 205px\" class=\"wp-caption aligncenter\"><a href=\"http:\/\/www.esglesiadetarragona.cat\/wp-content\/uploads\/2018\/07\/hd3566Castellano.pdf\" target=\"_blank\" rel=\"noopener noreferrer\"><img loading=\"lazy\" decoding=\"async\" aria-describedby=\"caption-attachment-5183\" class=\"wp-image-5183\" src=\"https:\/\/www.esglesiadetarragona.cat\/wp-content\/uploads\/2018\/07\/hd3566Castellano-2.jpg?sequence=3&amp;isAllowed=y?\" alt=\"\" width=\"205\" height=\"280\" \/><\/a><p id=\"caption-attachment-5183\" class=\"wp-caption-text\">Leer la Hoja Dominical<\/p><\/div><\/td>\n<\/tr>\n<\/tbody>\n<\/table>\n<p>[youtube https:\/\/www.youtube.com\/watch?v=2dnP9H8_8AI]<\/p>\n<p>[youtube https:\/\/www.youtube.com\/watch?v=SxwAvcj0Wzo]<\/p>\n<p>&nbsp;<\/p>\n<h3><strong><span style=\"color: #ff6600\">Lectura espiritual<\/span><\/strong><\/h3>\n<p style=\"text-align: justify\">San Juan Cris\u00f3stomo dice que cuando el hombre recibe el <strong>bautismo<\/strong> es iluminado por la oraci\u00f3n, y si la recibe siendo adulto, se resiente de esta iluminaci\u00f3n, la cual se oculta enseguida en el subconsciente.<\/p>\n<p style=\"text-align: justify\">El cristiano ha de acoger y hacer resurgir en una conciencia existencial esta gracia bautismal que, en cierta manera, permanece enterrada en las profundidades de su existencia corporal. Parecido a como una <strong>fuente escondida<\/strong> alimenta un estanque. \u00bfNo es esto lo que explica en nuestra vida, estas <strong>\u201colas de oraci\u00f3n\u201d<\/strong> que suben a nuestra conciencia clara, en el momento en que menos pensamos y cuando, aparentemente, no rezamos de una manera consciente?<\/p>\n<p style=\"text-align: justify\"><strong>Hay santidad en las profundidades de nuestro ser corporal<\/strong> que est\u00e1 saturado de santidad porque <strong>est\u00e1 injertado en el cuerpo deificante de Cristo<\/strong>. En cambio es nuestra alma la que est\u00e1 loca, se prostituye y se adultera (cuando deviene adulta), es ella la que ha de ser retornada.<\/p>\n<p style=\"text-align: justify\"><strong>La invocaci\u00f3n del nombre de Jes\u00fas<\/strong> retorna incesantemente nuestra alma a su envoltorio, a su realidad corporal, en el abismo del coraz\u00f3n donde vive Jes\u00fas, el Se\u00f1or. Como dijo Jes\u00fas, hay que convertirse para volver a ser un ni\u00f1o nacido del agua y del Esp\u00edritu.<\/p>\n<p style=\"text-align: justify\">El cristiano vive a menudo como un aut\u00f3mata o un durmiente y olvida su coraz\u00f3n de oraci\u00f3n. <strong>Ha de tomar conciencia de la gracia bautismal<\/strong>, ya que es all\u00ed donde se esconde la fuente de su oraci\u00f3n.<\/p>\n<p style=\"text-align: justify\">No me gusta mucho la expresi\u00f3n \u201cformar para la oraci\u00f3n\u201d. No podemos dar una forma, meter en un molde preestablecido, ni tampoco ense\u00f1ar una \u201cbuena t\u00e9cnica de oraci\u00f3n\u201d sino permitir que el <strong>\u201cgermen de la oraci\u00f3n\u201d<\/strong> que existe en todo bautizado, y en todo hombre, <strong>se despliegue.<\/strong><\/p>\n<p style=\"text-align: justify\">Es verdad que hay caminos por donde otros han pasado y unas constantes en la pedagog\u00eda de Dios hacia nosotros. I es interesante conocerlos. Pero no podemos empezar a comprender verdaderamente estos caminos y sus constantes si no tenemos un poco de experiencia.<\/p>\n<p style=\"text-align: justify\">As\u00ed como no se puede decir que ense\u00f1amos a otro a alegrarse, o amar, o a llorar, menos le podemos decir que le ense\u00f1amos a orar. La oraci\u00f3n procede de un instinto que hay en nosotros. No lo podemos fabricar. Solo lo podemos seguir. <strong>Hay que aprender a dejar hablar en uno mismo la vida trinitaria como un hijo aprende naturalmente a decir \u201cpap\u00e1\u201d a aquel que le ha dado la vida.<\/strong><\/p>\n<p style=\"text-align: justify\">La oraci\u00f3n, sin duda, se aprende, pero como uno aprende a respirar, a beber, a comer, a caminar. <strong>Hay que dejar hablar en uno la vida divina.<\/strong><\/p>\n<p style=\"text-align: justify\">Miremos m\u00e1s de cerca este movimiento de retorno al centro del ser para descubrir nuestro coraz\u00f3n de oraci\u00f3n. Es un movimiento de retorno al centro de nosotros mismos para encontrar a Dios presente y actuante. No se trata de contemplarse en un saboreo narcisista del \u201cyo\u201d, sino de reencontrar la acci\u00f3n de Dios en el coraz\u00f3n de nuestra vida.<\/p>\n<p style=\"text-align: right\"><em>Jean Lafrange: La oraci\u00f3n del coraz\u00f3n<\/em><\/p>\n<p>&nbsp;<\/p>\n","protected":false},"excerpt":{"rendered":"<p>&nbsp; &nbsp; &nbsp; [youtube https:\/\/www.youtube.com\/watch?v=2dnP9H8_8AI] [youtube https:\/\/www.youtube.com\/watch?v=SxwAvcj0Wzo] &nbsp; Lectura espiritual San Juan Cris\u00f3stomo dice que cuando el hombre recibe el bautismo es iluminado por la oraci\u00f3n, y si la recibe siendo adulto, se resiente de esta iluminaci\u00f3n, la cual se oculta enseguida en el subconsciente. El cristiano ha de acoger y hacer resurgir en una &hellip; <\/p>\n<p><a class=\"more-link btn\" href=\"https:\/\/smaria.salou.arqtgn.cat\/es\/domingo-xv-tiempo-ordinario-b-2018\/\">Seguir leyendo<\/a><\/p>\n","protected":false},"author":11,"featured_media":0,"comment_status":"closed","ping_status":"closed","sticky":false,"template":"","format":"standard","meta":{"footnotes":""},"categories":[52,49],"tags":[],"class_list":["post-10182","post","type-post","status-publish","format-standard","hentry","category-para-reflexionar","category-preparando-el-domingo","item-wrap"],"amp_enabled":true,"_links":{"self":[{"href":"https:\/\/smaria.salou.arqtgn.cat\/es\/wp-json\/wp\/v2\/posts\/10182","targetHints":{"allow":["GET"]}}],"collection":[{"href":"https:\/\/smaria.salou.arqtgn.cat\/es\/wp-json\/wp\/v2\/posts"}],"about":[{"href":"https:\/\/smaria.salou.arqtgn.cat\/es\/wp-json\/wp\/v2\/types\/post"}],"author":[{"embeddable":true,"href":"https:\/\/smaria.salou.arqtgn.cat\/es\/wp-json\/wp\/v2\/users\/11"}],"replies":[{"embeddable":true,"href":"https:\/\/smaria.salou.arqtgn.cat\/es\/wp-json\/wp\/v2\/comments?post=10182"}],"version-history":[{"count":0,"href":"https:\/\/smaria.salou.arqtgn.cat\/es\/wp-json\/wp\/v2\/posts\/10182\/revisions"}],"wp:attachment":[{"href":"https:\/\/smaria.salou.arqtgn.cat\/es\/wp-json\/wp\/v2\/media?parent=10182"}],"wp:term":[{"taxonomy":"category","embeddable":true,"href":"https:\/\/smaria.salou.arqtgn.cat\/es\/wp-json\/wp\/v2\/categories?post=10182"},{"taxonomy":"post_tag","embeddable":true,"href":"https:\/\/smaria.salou.arqtgn.cat\/es\/wp-json\/wp\/v2\/tags?post=10182"}],"curies":[{"name":"wp","href":"https:\/\/api.w.org\/{rel}","templated":true}]}}