{"id":10178,"date":"2018-07-12T17:47:15","date_gmt":"2018-07-12T15:47:15","guid":{"rendered":"http:\/\/smaria.salou.arqtgn.cat\/bodas-de-plata-del-albert-i-la-maria\/"},"modified":"2018-07-12T17:47:15","modified_gmt":"2018-07-12T15:47:15","slug":"bodas-de-plata-del-albert-i-la-maria","status":"publish","type":"post","link":"https:\/\/smaria.salou.arqtgn.cat\/es\/bodas-de-plata-del-albert-i-la-maria\/","title":{"rendered":"Bodas de plata del Albert i la Mar\u00eda"},"content":{"rendered":"<p><span id=\"result_box\" class=\"\" lang=\"es\"><span class=\"\"><a href=\"http:\/\/salou2.wp.arqtgn.cat\/wp-content\/uploads\/sites\/10\/2018\/07\/AlbertMaria_a.jpg\"><img loading=\"lazy\" decoding=\"async\" class=\"aligncenter size-full wp-image-7666\" src=\"http:\/\/salou2.wp.arqtgn.cat\/wp-content\/uploads\/sites\/10\/2018\/07\/AlbertMaria_a.jpg\" alt=\"\" width=\"640\" height=\"881\" srcset=\"https:\/\/smaria.salou.arqtgn.cat\/wp-content\/uploads\/sites\/10\/2018\/07\/AlbertMaria_a.jpg 640w, https:\/\/smaria.salou.arqtgn.cat\/wp-content\/uploads\/sites\/10\/2018\/07\/AlbertMaria_a-218x300.jpg 218w\" sizes=\"auto, (max-width: 640px) 100vw, 640px\" \/><\/a>Este s\u00e1bado\u00a0 <\/span>pasado 7 de julio por la tarde, nuestra parroquia acogi\u00f3 la celebraci\u00f3n <span class=\"\">de las<\/span> <span class=\"\">bodas de plata<\/span> de Albert Torrell y Mar\u00eda del Pozo. Los acompa\u00f1aron sus hijos, <span class=\"\">Angelina<\/span>, Daniel y Gabriel, y m\u00e1s familia, amigos y amigas de ambos. La celebraci\u00f3n <span class=\"\">eucar\u00edstica<\/span> de acci\u00f3n de gracias fue presidida por Mn. Diego Porras, capilla del colegio Cerro y amigo de la pareja.<\/span><\/p>\n<p>Albert es catequista de la parroquia y su hijo Daniel, tambi\u00e9n lo ha sido. Toda la familia, que viven en Vilafortuny, participan habitualmente de la nuestras eucarist\u00edas <span class=\"\">parroquiales.<\/span> Damos gracias a Dios y tambi\u00e9n los encomendamos a \u00c9l. Enhorabuena y por muchos a\u00f1os!<\/p>\n<p><a href=\"http:\/\/salou2.wp.arqtgn.cat\/wp-content\/uploads\/sites\/10\/2018\/07\/AlbertMaria_b.jpg\"><img loading=\"lazy\" decoding=\"async\" class=\"aligncenter size-full wp-image-7665\" src=\"http:\/\/salou2.wp.arqtgn.cat\/wp-content\/uploads\/sites\/10\/2018\/07\/AlbertMaria_b.jpg\" alt=\"\" width=\"1460\" height=\"822\" srcset=\"https:\/\/smaria.salou.arqtgn.cat\/wp-content\/uploads\/sites\/10\/2018\/07\/AlbertMaria_b.jpg 1460w, https:\/\/smaria.salou.arqtgn.cat\/wp-content\/uploads\/sites\/10\/2018\/07\/AlbertMaria_b-300x169.jpg 300w, https:\/\/smaria.salou.arqtgn.cat\/wp-content\/uploads\/sites\/10\/2018\/07\/AlbertMaria_b-768x432.jpg 768w, https:\/\/smaria.salou.arqtgn.cat\/wp-content\/uploads\/sites\/10\/2018\/07\/AlbertMaria_b-1024x577.jpg 1024w\" sizes=\"auto, (max-width: 1460px) 100vw, 1460px\" \/><\/a><\/p>\n","protected":false},"excerpt":{"rendered":"<p>Este s\u00e1bado\u00a0 pasado 7 de julio por la tarde, nuestra parroquia acogi\u00f3 la celebraci\u00f3n de las bodas de plata de Albert Torrell y Mar\u00eda del Pozo. Los acompa\u00f1aron sus hijos, Angelina, Daniel y Gabriel, y m\u00e1s familia, amigos y amigas de ambos. La celebraci\u00f3n eucar\u00edstica de acci\u00f3n de gracias fue presidida por Mn. Diego Porras, &hellip; <\/p>\n<p><a class=\"more-link btn\" href=\"https:\/\/smaria.salou.arqtgn.cat\/es\/bodas-de-plata-del-albert-i-la-maria\/\">Seguir leyendo<\/a><\/p>\n","protected":false},"author":11,"featured_media":0,"comment_status":"closed","ping_status":"closed","sticky":false,"template":"","format":"standard","meta":{"footnotes":""},"categories":[],"tags":[],"class_list":["post-10178","post","type-post","status-publish","format-standard","hentry","item-wrap"],"amp_enabled":true,"_links":{"self":[{"href":"https:\/\/smaria.salou.arqtgn.cat\/es\/wp-json\/wp\/v2\/posts\/10178","targetHints":{"allow":["GET"]}}],"collection":[{"href":"https:\/\/smaria.salou.arqtgn.cat\/es\/wp-json\/wp\/v2\/posts"}],"about":[{"href":"https:\/\/smaria.salou.arqtgn.cat\/es\/wp-json\/wp\/v2\/types\/post"}],"author":[{"embeddable":true,"href":"https:\/\/smaria.salou.arqtgn.cat\/es\/wp-json\/wp\/v2\/users\/11"}],"replies":[{"embeddable":true,"href":"https:\/\/smaria.salou.arqtgn.cat\/es\/wp-json\/wp\/v2\/comments?post=10178"}],"version-history":[{"count":0,"href":"https:\/\/smaria.salou.arqtgn.cat\/es\/wp-json\/wp\/v2\/posts\/10178\/revisions"}],"wp:attachment":[{"href":"https:\/\/smaria.salou.arqtgn.cat\/es\/wp-json\/wp\/v2\/media?parent=10178"}],"wp:term":[{"taxonomy":"category","embeddable":true,"href":"https:\/\/smaria.salou.arqtgn.cat\/es\/wp-json\/wp\/v2\/categories?post=10178"},{"taxonomy":"post_tag","embeddable":true,"href":"https:\/\/smaria.salou.arqtgn.cat\/es\/wp-json\/wp\/v2\/tags?post=10178"}],"curies":[{"name":"wp","href":"https:\/\/api.w.org\/{rel}","templated":true}]}}