{"id":10173,"date":"2018-07-10T16:42:15","date_gmt":"2018-07-10T14:42:15","guid":{"rendered":"http:\/\/smaria.salou.arqtgn.cat\/concierto-homenaje-al-cardenal-vidal-i-barraquer-y-a-mn-ramon-muntanyola\/"},"modified":"2018-07-10T16:42:15","modified_gmt":"2018-07-10T14:42:15","slug":"concierto-homenaje-al-cardenal-vidal-i-barraquer-y-a-mn-ramon-muntanyola","status":"publish","type":"post","link":"https:\/\/smaria.salou.arqtgn.cat\/es\/concierto-homenaje-al-cardenal-vidal-i-barraquer-y-a-mn-ramon-muntanyola\/","title":{"rendered":"Concierto homenaje al Cardenal Vidal i Barraquer y a Mn. Ramon Muntanyola"},"content":{"rendered":"<p><a href=\"http:\/\/salou2.wp.arqtgn.cat\/wp-content\/uploads\/sites\/10\/2018\/07\/Concert_180713.jpg\"><img loading=\"lazy\" decoding=\"async\" class=\"aligncenter size-full wp-image-7643\" src=\"http:\/\/salou2.wp.arqtgn.cat\/wp-content\/uploads\/sites\/10\/2018\/07\/Concert_180713.jpg\" alt=\"\" width=\"800\" height=\"1132\" srcset=\"https:\/\/smaria.salou.arqtgn.cat\/wp-content\/uploads\/sites\/10\/2018\/07\/Concert_180713.jpg 800w, https:\/\/smaria.salou.arqtgn.cat\/wp-content\/uploads\/sites\/10\/2018\/07\/Concert_180713-212x300.jpg 212w, https:\/\/smaria.salou.arqtgn.cat\/wp-content\/uploads\/sites\/10\/2018\/07\/Concert_180713-768x1087.jpg 768w, https:\/\/smaria.salou.arqtgn.cat\/wp-content\/uploads\/sites\/10\/2018\/07\/Concert_180713-724x1024.jpg 724w\" sizes=\"auto, (max-width: 800px) 100vw, 800px\" \/><\/a><\/p>\n<p>&nbsp;<\/p>\n<table border=\"1\">\n<tbody>\n<tr>\n<td>\n<h3 style=\"text-align: center\"><span style=\"color: #ff9900\"><strong>PROGRAMA del concert<\/strong><\/span><\/h3>\n<\/td>\n<\/tr>\n<\/tbody>\n<\/table>\n<p><strong>Orquestra<br \/>\n<\/strong>INTERLUDI. Josep Maria Rota.<br \/>\nCANTS DE LA TERRA. Adaptaci\u00f3: Jos\u00e9 Cabezas.<\/p>\n<p><strong>Cor<br \/>\n<\/strong>PARENOSTRE. Rimsky Korsakov.<br \/>\nAVE MARIA (Cor a capella). Miquel Barbar\u00e0.<br \/>\nGLORIA PATRI. Giovanni Pierluigi de Palestrina.<br \/>\nAGHIOS. Sanctus de la Lit\u00fargia Grega. Missa de Sant Joan Cris\u00f2stom.<\/p>\n<p><strong>Cor, Orquestra i Orgue<br \/>\n<\/strong>AVE VERUM. Wolfgang Amadeus Mozart.<br \/>\nSARABANDA. M\u00fasica: George Friedrich H\u00e4ndel. Arranjament: Miquel Barbar\u00e0.<br \/>\nSI EL M\u00d3N \u00c9S PLE DE GEBRE. Johannes Sebastian Bach.<br \/>\nCOR JESU. Francesc T\u00e0pies.<\/p>\n<p>&nbsp;<\/p>\n<p><strong>EL PREVERE I EL CARDENAL.<br \/>\n<\/strong>Text i M\u00fasica: Josep-Enric Peris, (dirigeix l\u2019autor).<\/p>\n<p><strong>Int\u00e8rprets<\/strong><br \/>\nCor i Orquestra dels Amics de la Catedral de Tarragona.<\/p>\n<p><strong>Solistes:<br \/>\n<\/strong>Soprano: N\u00faria Puig Ribas.<br \/>\nTenor: Josep Maria Gomis Barber\u00e0.<br \/>\nBaix: Joan Mag\u00ed Ferr\u00e9.<br \/>\nOrganista: Miquel Castillejo Brull.<\/p>\n<p>Directors: Miquel Barbar\u00e0 Angl\u00e8s i Josep-Enric Peris Vidal.<\/p>\n<p>&nbsp;<\/p>\n<p>&nbsp;<\/p>\n<h3 style=\"text-align: center\"><span style=\"color: #ff9900\"><strong>EL PREVERE I EL CARDENAL<\/strong><\/span><\/h3>\n<p>Poema simf\u00f2nic sobre un di\u00e0leg imaginari entre Mn. Ramon Muntanyola i Llorach, prevere i el Cardenal-Arquebisbe de Tarraona i Primat, Francesc d\u2019Ass\u00eds Vidal i Barraquer. <em>Text i M\u00fasica: Josep-Enric Peris.<\/em><\/p>\n<p><strong><u>TEXT del <\/u><\/strong><strong>p<u>oema simf\u00f2nic<\/u><\/strong><\/p>\n<p><strong>Cronista (soprano):<br \/>\n<\/strong>Com un bon pare, el cardenal Francesc d\u2019Ass\u00eds, Arquebisbe de Tarragona i Primat, coneix, un a un, els seus preveres. Mai no ha tancat la porta a qui ha vingut a consultar-li normes, punts evang\u00e8lics i pastorals, per\u00f2 tamb\u00e9 ha at\u00e8s cordialment problemes i penes, not\u00edcies de joia de la vida pastoral del seu clergat.<\/p>\n<p><strong>Poble (cor):<br \/>\n<\/strong>Pare, amic i bon pastor aquell Arquebisbe nostre; de bondat, pou sense sostre; del saber, un gran doctor. Era un doll d\u2019humanitat, bonhomia i senzillesa, i una bresca de dolcesa pel prevere en soledat. Mai dubtaven que fos ell sabedor dels seus problemes, i en aquest i en altres temes ben capa\u00e7 d\u2019un bon consell.<\/p>\n<p><strong>Cronista (soprano):<br \/>\n<\/strong>Res no se li escapa dels seus sacerdots, nom\u00e9s mirant-los els ulls. Avui ha notat en l\u2019esguard de moss\u00e8n Ramon Muntanyola i Llorach una tristor inusual; l\u2019ha cridat al seu despatx i li ha dit\u2026..<\/p>\n<p><strong>Cardenal Vidal (baix):<br \/>\n<\/strong>Qu\u00e8 et passa, fill, que els teus ulls ploren?<\/p>\n<p><strong>Mn. Muntanyola (tenor):<br \/>\n<\/strong>Emin\u00e8ncia, no puc mes. Soc atacat pels meus compromisos des del p\u00falpit. Sense fe ni caritat, hi ha moltes persones que, fidels, es creuen i ensems, encoratjades per modes que ens fan patir i implanten No deixen expressar-me amb llibertat.<\/p>\n<p><strong>Cardenal Vidal (baix):<br \/>\n<\/strong>\u201cNoli timere\u201d, Muntanyoleta; tu i jo ja som dos i quan dos o m\u00e9s estan reunits en nom de Jes\u00fas, Ells \u00e9s enmig. T\u2019adones quin gran equip formem tots tres?<\/p>\n<p><strong>Mn. Muntanyola (tenor):<br \/>\n<\/strong>\u00c9s que estic vetat. Cardenal Vidal (Baix) Ni pas ara, al meu costat.<\/p>\n<p><strong>Mn. Muntanyola (tenor):<br \/>\n<\/strong>Necessito el vostre b\u00e0cul. Amb ell em sento ben dirigit. La vostra vara em conforta. El meu cor que en els escrits vessa amor i pau procura topa sempre amb la censura que els prescriu com male\u00efts. Mentre el mot suau i fort que de mi la pena allunya sense esfor\u00e7 la ploma empunya per vessar nom\u00e9s conhort. D\u00e9u m\u2019ha dat il\u00b7lusi\u00f3 i esperan\u00e7a cristiana i una empenta que agermana i, en el cor, vocaci\u00f3.<\/p>\n<p><strong>Cronista (soprano):<br \/>\n<\/strong>El senyor Arquebisbe el defensa de tocs colpidors i atacs, li d\u00f3na suport en el seu ministeri i li ratifica el dest\u00ed de servei a la parr\u00f2quia.<\/p>\n<p><strong>Cardenal Vidal (baix):<br \/>\n<\/strong>Per la teva vocaci\u00f3, palesa, i la teva pastoral, bon Ramon, et confirmo en la parr\u00f2quia; s\u00e9 que ets ferm servidor de l\u2019Esgl\u00e9sia i un bon col\u00b7laborador meu.<\/p>\n<p><strong>Mn. Muntanyola (tenor):<br \/>\n<\/strong>Bon pastor, senyor Arquebisbe, amb respecte a la vostra mitra i amb plena confian\u00e7a amb D\u00e9u, accepto, de nou, la confirmaci\u00f3 al servei parroquial i em dono als feligresos en cos i \u00e0nima. Lloat sigui D\u00e9u.<\/p>\n<p><strong>Poble (cor)<br \/>\n<\/strong>Lloat sigui D\u00e9u.<\/p>\n<p><strong>Cardenal Vidal i Mn. Muntanyola (duet de baix i tenor):<br \/>\n<\/strong>Que D\u00e9u sigui el zenit nostre i per tots glorificat fins que el m\u00f3n li miri el rostre ple de gl\u00f2ria i majestat. Serem forts amb Ell per guia; serem tots poble fidel; res temem, de nit ni dia que ens esperen dalt del cel.<\/p>\n<p><strong>Poble (cor):<br \/>\n<\/strong>Lloem D\u00e9u que sempre ajuda, que \u00e9s escut contra els estralls, i el seu Fill, que en sa vinguda s\u2019obriran ulls i espiralls i el Par\u00e0clit, au moguda de les serres i les valls. Am\u00e9n.<\/p>\n","protected":false},"excerpt":{"rendered":"<p>&nbsp; PROGRAMA del concert Orquestra INTERLUDI. Josep Maria Rota. CANTS DE LA TERRA. Adaptaci\u00f3: Jos\u00e9 Cabezas. Cor PARENOSTRE. Rimsky Korsakov. AVE MARIA (Cor a capella). Miquel Barbar\u00e0. GLORIA PATRI. Giovanni Pierluigi de Palestrina. AGHIOS. Sanctus de la Lit\u00fargia Grega. Missa de Sant Joan Cris\u00f2stom. Cor, Orquestra i Orgue AVE VERUM. Wolfgang Amadeus Mozart. SARABANDA. M\u00fasica: &hellip; <\/p>\n<p><a class=\"more-link btn\" href=\"https:\/\/smaria.salou.arqtgn.cat\/es\/concierto-homenaje-al-cardenal-vidal-i-barraquer-y-a-mn-ramon-muntanyola\/\">Seguir leyendo<\/a><\/p>\n","protected":false},"author":11,"featured_media":0,"comment_status":"closed","ping_status":"closed","sticky":false,"template":"","format":"standard","meta":{"footnotes":""},"categories":[],"tags":[],"class_list":["post-10173","post","type-post","status-publish","format-standard","hentry","item-wrap"],"amp_enabled":true,"_links":{"self":[{"href":"https:\/\/smaria.salou.arqtgn.cat\/es\/wp-json\/wp\/v2\/posts\/10173","targetHints":{"allow":["GET"]}}],"collection":[{"href":"https:\/\/smaria.salou.arqtgn.cat\/es\/wp-json\/wp\/v2\/posts"}],"about":[{"href":"https:\/\/smaria.salou.arqtgn.cat\/es\/wp-json\/wp\/v2\/types\/post"}],"author":[{"embeddable":true,"href":"https:\/\/smaria.salou.arqtgn.cat\/es\/wp-json\/wp\/v2\/users\/11"}],"replies":[{"embeddable":true,"href":"https:\/\/smaria.salou.arqtgn.cat\/es\/wp-json\/wp\/v2\/comments?post=10173"}],"version-history":[{"count":0,"href":"https:\/\/smaria.salou.arqtgn.cat\/es\/wp-json\/wp\/v2\/posts\/10173\/revisions"}],"wp:attachment":[{"href":"https:\/\/smaria.salou.arqtgn.cat\/es\/wp-json\/wp\/v2\/media?parent=10173"}],"wp:term":[{"taxonomy":"category","embeddable":true,"href":"https:\/\/smaria.salou.arqtgn.cat\/es\/wp-json\/wp\/v2\/categories?post=10173"},{"taxonomy":"post_tag","embeddable":true,"href":"https:\/\/smaria.salou.arqtgn.cat\/es\/wp-json\/wp\/v2\/tags?post=10173"}],"curies":[{"name":"wp","href":"https:\/\/api.w.org\/{rel}","templated":true}]}}