{"id":10168,"date":"2018-07-09T16:38:32","date_gmt":"2018-07-09T14:38:32","guid":{"rendered":"http:\/\/smaria.salou.arqtgn.cat\/concierto-anual-coro-ama-lur\/"},"modified":"2018-07-09T16:38:32","modified_gmt":"2018-07-09T14:38:32","slug":"concierto-anual-coro-ama-lur","status":"publish","type":"post","link":"https:\/\/smaria.salou.arqtgn.cat\/es\/concierto-anual-coro-ama-lur\/","title":{"rendered":"Concierto anual coro Ama-lur"},"content":{"rendered":"<p><span id=\"result_box\" class=\"\" lang=\"es\">El s\u00e1bado 7 de julio, como cada a\u00f1o, el Coro Ama-lur hizo su concierto anual en la parroquia de Santa Mar\u00eda del Mar. Como de costumbre, primero se celebr\u00f3 la misa cantada por el mismo coro y despu\u00e9s tuvo lugar propiamente el concierto, que este a\u00f1o contaba con la participaci\u00f3n del coro Herriko Abestiak de Portugalete.<\/p>\n<p>El concierto, con la asistencia de 250 personas, se desarroll\u00f3 seg\u00fan el programa que hay continuaci\u00f3n, terminando con una peque\u00f1a actuaci\u00f3n conjunta de los dos coros.<\/span><a href=\"http:\/\/salou2.wp.arqtgn.cat\/wp-content\/uploads\/sites\/10\/2018\/07\/180707_Amalur.jpg\"><img loading=\"lazy\" decoding=\"async\" class=\"aligncenter size-full wp-image-7652\" src=\"http:\/\/salou2.wp.arqtgn.cat\/wp-content\/uploads\/sites\/10\/2018\/07\/180707_Amalur.jpg\" alt=\"\" width=\"800\" height=\"800\" srcset=\"https:\/\/smaria.salou.arqtgn.cat\/wp-content\/uploads\/sites\/10\/2018\/07\/180707_Amalur.jpg 800w, https:\/\/smaria.salou.arqtgn.cat\/wp-content\/uploads\/sites\/10\/2018\/07\/180707_Amalur-150x150.jpg 150w, https:\/\/smaria.salou.arqtgn.cat\/wp-content\/uploads\/sites\/10\/2018\/07\/180707_Amalur-300x300.jpg 300w, https:\/\/smaria.salou.arqtgn.cat\/wp-content\/uploads\/sites\/10\/2018\/07\/180707_Amalur-768x768.jpg 768w\" sizes=\"auto, (max-width: 800px) 100vw, 800px\" \/><\/a><\/p>\n","protected":false},"excerpt":{"rendered":"<p>El s\u00e1bado 7 de julio, como cada a\u00f1o, el Coro Ama-lur hizo su concierto anual en la parroquia de Santa Mar\u00eda del Mar. Como de costumbre, primero se celebr\u00f3 la misa cantada por el mismo coro y despu\u00e9s tuvo lugar propiamente el concierto, que este a\u00f1o contaba con la participaci\u00f3n del coro Herriko Abestiak de &hellip; <\/p>\n<p><a class=\"more-link btn\" href=\"https:\/\/smaria.salou.arqtgn.cat\/es\/concierto-anual-coro-ama-lur\/\">Seguir leyendo<\/a><\/p>\n","protected":false},"author":11,"featured_media":0,"comment_status":"closed","ping_status":"closed","sticky":false,"template":"","format":"standard","meta":{"footnotes":""},"categories":[],"tags":[],"class_list":["post-10168","post","type-post","status-publish","format-standard","hentry","item-wrap"],"amp_enabled":true,"_links":{"self":[{"href":"https:\/\/smaria.salou.arqtgn.cat\/es\/wp-json\/wp\/v2\/posts\/10168","targetHints":{"allow":["GET"]}}],"collection":[{"href":"https:\/\/smaria.salou.arqtgn.cat\/es\/wp-json\/wp\/v2\/posts"}],"about":[{"href":"https:\/\/smaria.salou.arqtgn.cat\/es\/wp-json\/wp\/v2\/types\/post"}],"author":[{"embeddable":true,"href":"https:\/\/smaria.salou.arqtgn.cat\/es\/wp-json\/wp\/v2\/users\/11"}],"replies":[{"embeddable":true,"href":"https:\/\/smaria.salou.arqtgn.cat\/es\/wp-json\/wp\/v2\/comments?post=10168"}],"version-history":[{"count":0,"href":"https:\/\/smaria.salou.arqtgn.cat\/es\/wp-json\/wp\/v2\/posts\/10168\/revisions"}],"wp:attachment":[{"href":"https:\/\/smaria.salou.arqtgn.cat\/es\/wp-json\/wp\/v2\/media?parent=10168"}],"wp:term":[{"taxonomy":"category","embeddable":true,"href":"https:\/\/smaria.salou.arqtgn.cat\/es\/wp-json\/wp\/v2\/categories?post=10168"},{"taxonomy":"post_tag","embeddable":true,"href":"https:\/\/smaria.salou.arqtgn.cat\/es\/wp-json\/wp\/v2\/tags?post=10168"}],"curies":[{"name":"wp","href":"https:\/\/api.w.org\/{rel}","templated":true}]}}