{"id":10166,"date":"2018-07-09T16:25:57","date_gmt":"2018-07-09T14:25:57","guid":{"rendered":"http:\/\/smaria.salou.arqtgn.cat\/encuentro-diocesano-de-monaguillos-2018\/"},"modified":"2018-07-09T16:25:57","modified_gmt":"2018-07-09T14:25:57","slug":"encuentro-diocesano-de-monaguillos-2018","status":"publish","type":"post","link":"https:\/\/smaria.salou.arqtgn.cat\/es\/encuentro-diocesano-de-monaguillos-2018\/","title":{"rendered":"Encuentro diocesano de monaguillos 2018"},"content":{"rendered":"<p style=\"text-align: justify\">El pasado d\u00eda 25 de junio, los monaguillos, Rodrigo, Mar\u00eda, Biel, Junior, Daniel y Alan,\u00a0 que pertenecen al grupo de monaguillos, de la Parroquia de Santa Maria del Mar,\u00a0 acompa\u00f1ados de Mn. Josep Mar\u00eda y Pilar Ruiz, acudieron a la convocatoria que desde la archidi\u00f3cesis de Tarragona se hizo,\u00a0 este a\u00f1o bajo el lema\u00a0 \u00abEchar las redes\u00bb,\u00a0 que organiz\u00f3 el Secretariado\u00a0 Diocesano de Vocaciones, a la que acudieron m\u00e1s de un centenar de ni\u00f1os, ni\u00f1as y j\u00f3venes de la di\u00f3cesis.<\/p>\n<p style=\"text-align: justify\"><img loading=\"lazy\" decoding=\"async\" class=\"aligncenter size-full\" src=\"https:\/\/lh3.googleusercontent.com\/2L_Mi_c_1_mRbHppL94xYwUJVu1XNYvjT4qc3mTG9O1KEt5aBwrePJJGepnajkci958ExcB2zCpE9d-Lw1M_UXDiGb2Y506fv_aha5D8mlITwFgH68nDdQ7z5skJagqw3i23Br63-iz3jzkQ2leZEqMLEQojqHs2D8aU5fG4-M2Z_mBjMVX6On5011ZClnKSf5ihQYGdR70afcXuxCvuMNrgxkdjPvLkXEtdsCCIAzvNHhngmMHvuR9Ir1EPZSo96KkvBe6LUDcyofCfaZmBussG5jmlzQ6NcVDrMEe4Kh3YDh5aebYZRPmz6Ze4iNPJ2kJtRnRBjoKpMfiv6QtHoFHQNBh9FZcHyNMSf5HSv7JA0ETCyxEjiWiAX3zJwV5rxeoVkiymEHixW32cgivOA5WrkeCCzBZyVO-c-lGqJRVey2DEfu8TNUC1veWZzZqiHq1AxPJk8EOUWleMucHt6kClYT9ojxSJnvIMvjoRgAItF7RBXIA4wT5rvEPHOULEBalYyHcJpI_NQyyYGtbC5J262p2wHPyKhxYTHsHihGeQqE0QMXpmap1xLatALsKjUaHHLMMZEdAuJVTNrwckd8wq-e3kYB3usEo_Ri3M6xff79RBEwM6guYvyXVeqw5pXhmHSLK5Sl5IzFKih0mMkQCq5ZhR5lDt=w1268-h714-no\" width=\"1268\" height=\"713\" \/>Una jornada que se iniciaba a las 10 de la ma\u00f1ana, en el Casal del Poble de Riudecols, donde su alcaldesa nos dio la bienvenida y agradeci\u00f3 a todos los participantes su presencia. Seguidamente el Sr. Arzobispo tom\u00f3 la palabra y salud\u00f3 muy cari\u00f1osamente a todos los presentes, los felicit\u00f3 un a\u00f1o m\u00e1s por su participaci\u00f3n, ya que se ve\u00edan caras conocidas, hay quienes repiten y acuden a\u00f1o tras a\u00f1o.<\/p>\n<p style=\"text-align: justify\">Tras el \u201ccant de l\u2019escol\u00e0\u201d dirigido por Mn. Joan \u00c1guila y el saludo de acogida del delegado diocesano Mn. Josep Mateu, se explic\u00f3 en qu\u00e9 consiste este a\u00f1o la gimcama que se iba a realizar en distintos puntos del pueblo girando todo entorno al lema de este\u00a0 a\u00f1o, la llamada que Jes\u00fas hizo a Pedro en el Lago de Galilea. Cuatro talleres o pruebas, donde los ni\u00f1os y ni\u00f1as iban descubriendo y profundizando la figura de Pedro. Al finalizar cada la prueba de cada taller seg\u00fan respuestas y acciones positivas, recib\u00edan un n\u00famero de peces, los cuales iban depositando en la red que se hab\u00eda instalado en el centro del escenario del casal.<\/p>\n<p style=\"text-align: justify\"><img loading=\"lazy\" decoding=\"async\" class=\"aligncenter\" src=\"https:\/\/lh3.googleusercontent.com\/Z4O0sHszMtuYXF7AyhyGZsqiXkj7WNW2Q1mrRLFNygxsqqFbAJKEVjs3jYzc_e9WfAXnYE78KCso449AySWSrGIyAmdvmpHW1eNxgKql6YfrGvLScQhwhkW58XtKwMdNV40dSYBm289IQmTDOAGrAeZ2yIZtjKeyE-yNQSe9S0FIjsPtszqNI9-5sHeZeOxYZFUil73WLAxxDdBK4qFLmnW0eXZVVlADPUHbElml_9OJ1-8NHmUoRZk-HuQZbs3YadQqiHSJbMg5mMzIsj_BVcBQyMj35Sxn_wcwe_zgT35LddTxVyGneBBULpKDqiGq49TcKH-qR6wLox79lTlae5CMDCUpPSxwmpwqd7I_BaJbvwfyoJWQHXSdxb8sIs13877J4oNo3HknZe6TYs86yvyOdScg5K9V3JU-Bk0KTlEr9IabsETk4aeTVbT6lPA7iNfMUaXt_m5yL6iMli3Eef8NBcw6rAp0IFZ7DUV9ZsQ7E2GXoOq5FWSx-qdzNdmxio5mNjarUbFOWm7TWXEMsPtIg-XPmuPwj-bLyHkAORw4MAEayo2p03xx2Rb39bGJVUdob4f9ug1dxC6tQ8Sz6nvn_Cj440-8FYkiZEOE6PosjCT91tNNX6j_JdG8dt4xK25xOM--gbAVuoTJ3aaX32pAKB6sszXx=w494-h877-no\" width=\"385\" height=\"685\" \/>Despu\u00e9s del juego y el divertimento nada mejor que un poco de recogimiento y reposo. La celebraci\u00f3n de la Eucarist\u00eda, fue presidida por el Sr. Arzobispo y concelebrada por un buen n\u00famero de sacerdotes asistentes al encuentro. La Eucarist\u00eda\u00a0 seguida y participada por el numeroso grupo de ni\u00f1os y ni\u00f1as todos revestidos y con gran recogimiento, fueron invitados por el Sr. Arzobispo en su homil\u00eda, a conocer y seguir a Jes\u00fas como lo hiciera Pedro, a servir a los dem\u00e1s con su presencia\u00a0 en cada uno de los actos lit\u00fargicos que acompa\u00f1en a los sacerdotes, a amar a Jes\u00fas\u00a0 y a darlo a conocer a todos cuantos ellos conozcan, no dejar nunca de participar en la Eucarist\u00eda, sentirse importantes, pues como recuerda \u00e9l de su tiempo de monaguillo dec\u00eda, era muy importante porque estaba cerca de Jes\u00fas, animar a otros a ser monaguillos y no sentir verg\u00fcenza de lo que hacen.<\/p>\n<p style=\"text-align: justify\">Finalizada la celebraci\u00f3n de la Eucarist\u00eda, un merecido chapuz\u00f3n en la piscina para mitigar un d\u00eda de intenso calor.\u00a0 Seguidamente la comida todos juntos en el sal\u00f3n del Casal, tras la cual continuamos la jornada con cantos y un taller, donde aprendieron a confeccionar con una simple cartulina un pez, todo ello en relacionado con el lema de la jornada, \u00abechad las redes\u00bb.<\/p>\n<p style=\"text-align: justify\">As\u00ed se lleg\u00f3 al final de la jornada, en que despu\u00e9s de las palabras de agradecimiento\u00a0 y el canto de despedida,\u00a0 fueron obsequiados con coca, chocolate y refresco.<\/p>\n<p>Clicar encima de la imagen para ver el \u00e1lbum de fotos<\/p>\n<p><a href=\"https:\/\/photos.app.goo.gl\/6P8cpDJB4yrTWVV89\" target=\"_blank\" rel=\"noopener noreferrer\"><img loading=\"lazy\" decoding=\"async\" class=\"alignnone\" src=\"https:\/\/lh3.googleusercontent.com\/yc0pbnEzS8p2nIfgItOZV5DY1nTVXDxkwznFq7Ee6Ry3O9CtfqzbY40Gnfj0c84nFPx1BfX1Uxxl04ZCMsgLEmLQfldHc5d3Ik4kwR8xMOaJReeTkORo0qloFsaldL3MdHCRSiQFHJKCCWSMhXYDZk4TJV134Tdh9re0DI1X-NeAiOz1Xd6cgwQQ3SysOW5XYIdXEd3Q0qn4bF5xiS7dLszPD6cV7RkRMDg3F9EWwkmfrp8_CUMAj1lyjI3EJFUT4RX_2ppnnoeX2jA3DPduzNgb_k3G7jjvzeazzDBrRZm_MlgMuCSaPbtUezfK3-QtITHdproT_-msAIg6L_9vYsbA75QNI2fqRhUS4EKGC8lrfkWPsXX8fV3uHjugO2_i1tR9Aqk4xYOZpxHyIsmFhxw0zIgY01p749lXUZ_Z9zLb-SAHlM0aEN81F44eQlbYv3dD-P7yubQXOVH0Y8zAe9A1bZ58IBaIzoJ5F_jyj_r3_d3vxrYSh90QUmQU25QEQp3aKjuiO6xvqiWNAyxXyoqK4q3YLGPAS1dFEjt5Ad7d7aQiUHkGMwUxLddlWwPQiIOLjZgJ1YuOkf5C-rEYzx80dr2lTlTXNj8Ll3U=w1240-h877-no\" alt=\"\" width=\"1240\" height=\"877\" \/><\/a><\/p>\n<p>&nbsp;<\/p>\n","protected":false},"excerpt":{"rendered":"<p>El pasado d\u00eda 25 de junio, los monaguillos, Rodrigo, Mar\u00eda, Biel, Junior, Daniel y Alan,\u00a0 que pertenecen al grupo de monaguillos, de la Parroquia de Santa Maria del Mar,\u00a0 acompa\u00f1ados de Mn. Josep Mar\u00eda y Pilar Ruiz, acudieron a la convocatoria que desde la archidi\u00f3cesis de Tarragona se hizo,\u00a0 este a\u00f1o bajo el lema\u00a0 \u00abEchar &hellip; <\/p>\n<p><a class=\"more-link btn\" href=\"https:\/\/smaria.salou.arqtgn.cat\/es\/encuentro-diocesano-de-monaguillos-2018\/\">Seguir leyendo<\/a><\/p>\n","protected":false},"author":11,"featured_media":0,"comment_status":"closed","ping_status":"closed","sticky":false,"template":"","format":"standard","meta":{"footnotes":""},"categories":[50],"tags":[],"class_list":["post-10166","post","type-post","status-publish","format-standard","hentry","category-catequesis","item-wrap"],"amp_enabled":true,"_links":{"self":[{"href":"https:\/\/smaria.salou.arqtgn.cat\/es\/wp-json\/wp\/v2\/posts\/10166","targetHints":{"allow":["GET"]}}],"collection":[{"href":"https:\/\/smaria.salou.arqtgn.cat\/es\/wp-json\/wp\/v2\/posts"}],"about":[{"href":"https:\/\/smaria.salou.arqtgn.cat\/es\/wp-json\/wp\/v2\/types\/post"}],"author":[{"embeddable":true,"href":"https:\/\/smaria.salou.arqtgn.cat\/es\/wp-json\/wp\/v2\/users\/11"}],"replies":[{"embeddable":true,"href":"https:\/\/smaria.salou.arqtgn.cat\/es\/wp-json\/wp\/v2\/comments?post=10166"}],"version-history":[{"count":0,"href":"https:\/\/smaria.salou.arqtgn.cat\/es\/wp-json\/wp\/v2\/posts\/10166\/revisions"}],"wp:attachment":[{"href":"https:\/\/smaria.salou.arqtgn.cat\/es\/wp-json\/wp\/v2\/media?parent=10166"}],"wp:term":[{"taxonomy":"category","embeddable":true,"href":"https:\/\/smaria.salou.arqtgn.cat\/es\/wp-json\/wp\/v2\/categories?post=10166"},{"taxonomy":"post_tag","embeddable":true,"href":"https:\/\/smaria.salou.arqtgn.cat\/es\/wp-json\/wp\/v2\/tags?post=10166"}],"curies":[{"name":"wp","href":"https:\/\/api.w.org\/{rel}","templated":true}]}}