{"id":10160,"date":"2018-07-06T13:55:12","date_gmt":"2018-07-06T11:55:12","guid":{"rendered":"http:\/\/smaria.salou.arqtgn.cat\/domingo-xiv-tiempo-ordinario-b-2018\/"},"modified":"2018-07-06T13:55:12","modified_gmt":"2018-07-06T11:55:12","slug":"domingo-xiv-tiempo-ordinario-b-2018","status":"publish","type":"post","link":"https:\/\/smaria.salou.arqtgn.cat\/es\/domingo-xiv-tiempo-ordinario-b-2018\/","title":{"rendered":"Domingo XIV tiempo ordinario \/ B \/ 2018"},"content":{"rendered":"<p>&nbsp;<\/p>\n<table style=\"height: 211px;width: 739px\">\n<tbody>\n<tr style=\"height: 256px\">\n<td style=\"height: 256px;width: 482px\">&nbsp;<\/p>\n<div id=\"attachment_7624\" style=\"width: 303px\" class=\"wp-caption aligncenter\"><a href=\"http:\/\/www.lecturesmissa.arquebisbattarragona.cat\/ca\/\" target=\"_blank\" rel=\"noopener noreferrer\"><img loading=\"lazy\" decoding=\"async\" aria-describedby=\"caption-attachment-7624\" class=\"wp-image-7624\" src=\"http:\/\/salou2.wp.arqtgn.cat\/wp-content\/uploads\/sites\/10\/2018\/07\/biblia.jpg\" alt=\"\" width=\"303\" height=\"177\" srcset=\"https:\/\/smaria.salou.arqtgn.cat\/wp-content\/uploads\/sites\/10\/2018\/07\/biblia.jpg 640w, https:\/\/smaria.salou.arqtgn.cat\/wp-content\/uploads\/sites\/10\/2018\/07\/biblia-300x176.jpg 300w\" sizes=\"auto, (max-width: 303px) 100vw, 303px\" \/><\/a><p id=\"caption-attachment-7624\" class=\"wp-caption-text\">Palabra de Dios<\/p><\/div>\n<p>&nbsp;<\/td>\n<td style=\"height: 256px;width: 232px\">\n<p><div id=\"attachment_5183\" style=\"width: 205px\" class=\"wp-caption aligncenter\"><a href=\"http:\/\/www.esglesiadetarragona.cat\/wp-content\/uploads\/2018\/07\/hd3565Castellano.pdf\" target=\"_blank\" rel=\"noopener noreferrer\"><img loading=\"lazy\" decoding=\"async\" aria-describedby=\"caption-attachment-5183\" class=\"wp-image-5183\" src=\"https:\/\/www.esglesiadetarragona.cat\/wp-content\/uploads\/2018\/07\/hd3565Castellano-2.jpg?sequence=3&amp;isAllowed=y?\" alt=\"\" width=\"205\" height=\"280\" \/><\/a><p id=\"caption-attachment-5183\" class=\"wp-caption-text\">Leer la Hoja Dominical<\/p><\/div><\/td>\n<\/tr>\n<\/tbody>\n<\/table>\n<p>\u200b[youtube https:\/\/www.youtube.com\/watch?v=Emlthdz-X-k]<\/p>\n<p>[youtube https:\/\/www.youtube.com\/watch?v=yqRAKIzx4qU]<\/p>\n<p>&nbsp;<\/p>\n<h3><strong><span style=\"color: #ff6600\">Lectura espiritual<\/span><\/strong><\/h3>\n<p>&nbsp;<\/p>\n<p style=\"text-align: justify\">Nos sentimos removidos, con una fuerte sacudida al coraz\u00f3n, al escuchar atentamente aquel grito de san Pablo: <em>\u00c9sta es la voluntad de Dios, vuestra santificaci\u00f3n. <\/em>Hoy me lo propongo otra vez, y tambi\u00e9n os lo recuerdo a vosotros y a toda la humanidad: \u00e9sta es la voluntad de Dios, que seamos santos.<\/p>\n<p style=\"text-align: justify\">Para pacificar las almas con una paz aut\u00e9ntica, para transformar la tierra, para buscar a Dios Se\u00f1or Nuestro en el mundo y a trav\u00e9s de las cosas del mundo, resulta indispensable la santidad personal. A cada uno llama a la santidad, de cada uno pide amor: j\u00f3venes y ancianos, solteros y casados, sanos y enfermos, cultos e ignorantes, trabajen donde trabajen, est\u00e9n donde est\u00e9n.<\/p>\n<p style=\"text-align: justify\">Solo hay una manera de crecer en la familiaridad y en la confianza de Dios: tratarlo en la oraci\u00f3n, hablarle, manifestarle -de coraz\u00f3n a coraz\u00f3n- nuestro afecto.<\/p>\n<p style=\"text-align: justify\">Primero una jaculatoria, despu\u00e9s otra, y otra\u2026 hasta que este fervor resulta insuficiente, porque las palabras resultan pobres\u2026; y se abre paso a la intimidad divina, en una mirada puesta en Dios, sin descanso y sin cansarse. Entonces vivimos como si estuvi\u00e9ramos cautivos, como prisioneros.<\/p>\n<p style=\"text-align: justify\">Mientras llevamos a cabo con la mayor perfecci\u00f3n posible, dentro de nuestras equivocaciones y limitaciones, las tareas propias de nuestra condici\u00f3n y de nuestro oficio, el alma ans\u00eda escaparse. Se va hacia Dios, como el hierro atra\u00eddo por la fuerza del im\u00e1n. Se comienza a amar a Jes\u00fas, de una forma m\u00e1s eficaz, con un dulce sobresalto.<\/p>\n<p style=\"text-align: justify\">Pero no olvid\u00e9is que estar con Jes\u00fas es, seguramente, toparse con su Cruz. Cuando nos abandonamos en las manos de Dios, es frecuente que \u00e9l nos permita saborear el dolor, la soledad, las contradicciones, las calumnias, las difamaciones, las burlas, por dentro y por fuera: porque quiere conformarnos a su imagen y semejanza, y tolera tambi\u00e9n que nos digan locos y nos tomen por necios.<\/p>\n<p style=\"text-align: justify\">Al admirar y amar aut\u00e9nticamente la Humanidad Sant\u00edsima de Jes\u00fas, descubriremos, una a una, sus heridas.<\/p>\n<p style=\"text-align: justify\">I en estos tiempos de purgaci\u00f3n pasiva, penosos, fuertes, de l\u00e1grimas dulces o amargas que procuramos ocultar, ser\u00e1 necesario introducirnos en cada una de aquellas Sant\u00edsimas Heridas: para purificarnos, para complacernos en esta Sangre redentora, para robustecernos.<\/p>\n<p style=\"text-align: justify\">Entonces el coraz\u00f3n siente necesidad de distinguir y adorar cada una de las Personas Divinas. En cierta manera es un descubrimiento, el que hace el alma en la vida sobrenatural. Y se entretiene amorosamente con el Padre y con el Hijo y con el Esp\u00edritu Santo; y se somete f\u00e1cilmente a la actividad del Par\u00e1clito vivificador, que se nos da sin que lo merezcamos.<\/p>\n<p style=\"text-align: justify\">Sobran las palabras, porque la lengua no consigue expresarse; el entendimiento se aquieta. Ya no se razona, \u00a1se mira! I el alma se pone a cantar una vez m\u00e1s con un c\u00e1ntico nuevo, porque se sabe mirada amorosamente por Dios, siempre.<\/p>\n<p style=\"text-align: justify\">Con esta donaci\u00f3n de uno mismo, el celo apost\u00f3lico se enciende, aumenta cada d\u00eda -contagiando esta ansia a los otros- porque el bien es difusivo. No es posible que nuestra pobre naturaleza, tan cerca de Dios, no queme en un deseo de sembrar en todo el mundo la alegr\u00eda y la paz, de regarlo todo con las aguas redentoras que manan del Costado abierto de Cristo, de empezar y acabar todos los trabajos por Amor.<\/p>\n<p style=\"text-align: justify\">Que la Madre de Dios y Madre nuestra nos proteja, para que cada uno de nosotros pueda servir a la Iglesia con la plenitud de la fe, con los dones del Esp\u00edritu Santo y con la vida contemplativa.<\/p>\n<p style=\"text-align: right\"><em>De las homil\u00edas de san Josemar\u00eda Escriv\u00e1 de Balaguer, presb\u00edtero<\/em><\/p>\n","protected":false},"excerpt":{"rendered":"<p>&nbsp; &nbsp; &nbsp; \u200b[youtube https:\/\/www.youtube.com\/watch?v=Emlthdz-X-k] [youtube https:\/\/www.youtube.com\/watch?v=yqRAKIzx4qU] &nbsp; Lectura espiritual &nbsp; Nos sentimos removidos, con una fuerte sacudida al coraz\u00f3n, al escuchar atentamente aquel grito de san Pablo: \u00c9sta es la voluntad de Dios, vuestra santificaci\u00f3n. Hoy me lo propongo otra vez, y tambi\u00e9n os lo recuerdo a vosotros y a toda la humanidad: \u00e9sta &hellip; <\/p>\n<p><a class=\"more-link btn\" href=\"https:\/\/smaria.salou.arqtgn.cat\/es\/domingo-xiv-tiempo-ordinario-b-2018\/\">Seguir leyendo<\/a><\/p>\n","protected":false},"author":11,"featured_media":0,"comment_status":"closed","ping_status":"closed","sticky":false,"template":"","format":"standard","meta":{"footnotes":""},"categories":[52,49],"tags":[],"class_list":["post-10160","post","type-post","status-publish","format-standard","hentry","category-para-reflexionar","category-preparando-el-domingo","item-wrap"],"amp_enabled":true,"_links":{"self":[{"href":"https:\/\/smaria.salou.arqtgn.cat\/es\/wp-json\/wp\/v2\/posts\/10160","targetHints":{"allow":["GET"]}}],"collection":[{"href":"https:\/\/smaria.salou.arqtgn.cat\/es\/wp-json\/wp\/v2\/posts"}],"about":[{"href":"https:\/\/smaria.salou.arqtgn.cat\/es\/wp-json\/wp\/v2\/types\/post"}],"author":[{"embeddable":true,"href":"https:\/\/smaria.salou.arqtgn.cat\/es\/wp-json\/wp\/v2\/users\/11"}],"replies":[{"embeddable":true,"href":"https:\/\/smaria.salou.arqtgn.cat\/es\/wp-json\/wp\/v2\/comments?post=10160"}],"version-history":[{"count":0,"href":"https:\/\/smaria.salou.arqtgn.cat\/es\/wp-json\/wp\/v2\/posts\/10160\/revisions"}],"wp:attachment":[{"href":"https:\/\/smaria.salou.arqtgn.cat\/es\/wp-json\/wp\/v2\/media?parent=10160"}],"wp:term":[{"taxonomy":"category","embeddable":true,"href":"https:\/\/smaria.salou.arqtgn.cat\/es\/wp-json\/wp\/v2\/categories?post=10160"},{"taxonomy":"post_tag","embeddable":true,"href":"https:\/\/smaria.salou.arqtgn.cat\/es\/wp-json\/wp\/v2\/tags?post=10160"}],"curies":[{"name":"wp","href":"https:\/\/api.w.org\/{rel}","templated":true}]}}