{"id":10158,"date":"2018-07-04T00:57:36","date_gmt":"2018-07-03T22:57:36","guid":{"rendered":"http:\/\/smaria.salou.arqtgn.cat\/el-video-del-papa-julio-2018-los-sacerdotes-en-su-mision-pastoral\/"},"modified":"2018-07-04T00:57:36","modified_gmt":"2018-07-03T22:57:36","slug":"el-video-del-papa-julio-2018-los-sacerdotes-en-su-mision-pastoral","status":"publish","type":"post","link":"https:\/\/smaria.salou.arqtgn.cat\/es\/el-video-del-papa-julio-2018-los-sacerdotes-en-su-mision-pastoral\/","title":{"rendered":"El v\u00eddeo del Papa, julio 2018. Los sacerdotes en su misi\u00f3n pastoral"},"content":{"rendered":"<p>[youtube https:\/\/www.youtube.com\/watch?v=1t_HQJhaM6A%5D]<\/p>\n<p>El sacerdote de tu parroquia est\u00e1 siempre a tu disposici\u00f3n. Para dar la misa, visitar a un enfermo, hablar con quien no tiene quien le escuche y un mont\u00f3n de cosas m\u00e1s. Pero no es un superhombre. Es una persona que, como todos, tambi\u00e9n se siente a veces solo. En esos momentos de soledad tu puedes hacer mucho por \u00e9l. Esc\u00fachale, vis\u00edtale, sonr\u00edele. Lo necesita.<\/p>\n<p>\u201cEl cansancio de los sacerdotes&#8230; \u00bfSaben cu\u00e1ntas veces pienso en \u00e9l?<\/p>\n<p>Los sacerdotes, con sus virtudes y sus defectos, desarrollan su labor en tantos campos\u2026 De la catequesis a la liturgia, de la caridad a los compromisos pastorales e incluso administrativos.<\/p>\n<p>Y ante tantos frentes abiertos no se pueden quedar parados despu\u00e9s de una desilusi\u00f3n, rendirse ante las dificultades o dejarse vencer por su fragilidad.<\/p>\n<p>En esos momentos es bueno que recuerden que la gente quiere a sus pastores, los necesita y conf\u00eda en ellos.<\/p>\n<p>Recemos juntos para que los sacerdotes que viven con fatiga y en la soledad el trabajo pastoral se sientan ayudados y confortados por la amistad con el Se\u00f1or y con los hermanos.<\/p>\n<p>\u201d Si quieres ver m\u00e1s videos sobre las intenciones del Papa los encontrar\u00e1s en <a class=\"yt-simple-endpoint style-scope yt-formatted-string\" href=\"https:\/\/www.youtube.com\/redirect?q=http%3A%2F%2Fwww.elvideodelpapa.org&amp;event=video_description&amp;redir_token=MsyjxErkdQO66FYAjhBC6I2ZmDp8MTUzMDc0NTE5NEAxNTMwNjU4Nzk0&amp;v=1t_HQJhaM6A\">http:\/\/www.elvideodelpapa.org<\/a><\/p>\n<p>&nbsp;<\/p>\n","protected":false},"excerpt":{"rendered":"<p>[youtube https:\/\/www.youtube.com\/watch?v=1t_HQJhaM6A%5D] El sacerdote de tu parroquia est\u00e1 siempre a tu disposici\u00f3n. Para dar la misa, visitar a un enfermo, hablar con quien no tiene quien le escuche y un mont\u00f3n de cosas m\u00e1s. Pero no es un superhombre. Es una persona que, como todos, tambi\u00e9n se siente a veces solo. En esos momentos de &hellip; <\/p>\n<p><a class=\"more-link btn\" href=\"https:\/\/smaria.salou.arqtgn.cat\/es\/el-video-del-papa-julio-2018-los-sacerdotes-en-su-mision-pastoral\/\">Seguir leyendo<\/a><\/p>\n","protected":false},"author":11,"featured_media":0,"comment_status":"closed","ping_status":"closed","sticky":false,"template":"","format":"standard","meta":{"footnotes":""},"categories":[52],"tags":[],"class_list":["post-10158","post","type-post","status-publish","format-standard","hentry","category-para-reflexionar","item-wrap"],"amp_enabled":true,"_links":{"self":[{"href":"https:\/\/smaria.salou.arqtgn.cat\/es\/wp-json\/wp\/v2\/posts\/10158","targetHints":{"allow":["GET"]}}],"collection":[{"href":"https:\/\/smaria.salou.arqtgn.cat\/es\/wp-json\/wp\/v2\/posts"}],"about":[{"href":"https:\/\/smaria.salou.arqtgn.cat\/es\/wp-json\/wp\/v2\/types\/post"}],"author":[{"embeddable":true,"href":"https:\/\/smaria.salou.arqtgn.cat\/es\/wp-json\/wp\/v2\/users\/11"}],"replies":[{"embeddable":true,"href":"https:\/\/smaria.salou.arqtgn.cat\/es\/wp-json\/wp\/v2\/comments?post=10158"}],"version-history":[{"count":0,"href":"https:\/\/smaria.salou.arqtgn.cat\/es\/wp-json\/wp\/v2\/posts\/10158\/revisions"}],"wp:attachment":[{"href":"https:\/\/smaria.salou.arqtgn.cat\/es\/wp-json\/wp\/v2\/media?parent=10158"}],"wp:term":[{"taxonomy":"category","embeddable":true,"href":"https:\/\/smaria.salou.arqtgn.cat\/es\/wp-json\/wp\/v2\/categories?post=10158"},{"taxonomy":"post_tag","embeddable":true,"href":"https:\/\/smaria.salou.arqtgn.cat\/es\/wp-json\/wp\/v2\/tags?post=10158"}],"curies":[{"name":"wp","href":"https:\/\/api.w.org\/{rel}","templated":true}]}}