{"id":10152,"date":"2018-06-29T17:00:08","date_gmt":"2018-06-29T15:00:08","guid":{"rendered":"http:\/\/smaria.salou.arqtgn.cat\/domingo-xiii-tiempo-ordinario-b-2018\/"},"modified":"2018-06-29T17:00:08","modified_gmt":"2018-06-29T15:00:08","slug":"domingo-xiii-tiempo-ordinario-b-2018","status":"publish","type":"post","link":"https:\/\/smaria.salou.arqtgn.cat\/es\/domingo-xiii-tiempo-ordinario-b-2018\/","title":{"rendered":"Domingo XIII tiempo ordinario \/ B \/ 2018"},"content":{"rendered":"<p>&nbsp;<\/p>\n<table style=\"height: 211px;width: 739px\">\n<tbody>\n<tr style=\"height: 256px\">\n<td style=\"height: 256px;width: 482px\">\n<p><div id=\"attachment_7548\" style=\"width: 266px\" class=\"wp-caption aligncenter\"><a href=\"http:\/\/lecturesmissa.arqtgn.cat\/1655\/DIUMENGE-XIII-DURANT-LANY-B\" target=\"_blank\" rel=\"noopener noreferrer\"><img loading=\"lazy\" decoding=\"async\" aria-describedby=\"caption-attachment-7548\" class=\"wp-image-7548 size-full\" src=\"http:\/\/salou2.wp.arqtgn.cat\/wp-content\/uploads\/sites\/10\/2018\/06\/St_Cristofol.jpg\" alt=\"\" width=\"266\" height=\"415\" srcset=\"https:\/\/smaria.salou.arqtgn.cat\/wp-content\/uploads\/sites\/10\/2018\/06\/St_Cristofol.jpg 266w, https:\/\/smaria.salou.arqtgn.cat\/wp-content\/uploads\/sites\/10\/2018\/06\/St_Cristofol-192x300.jpg 192w\" sizes=\"auto, (max-width: 266px) 100vw, 266px\" \/><\/a><p id=\"caption-attachment-7548\" class=\"wp-caption-text\">Leer la Palabra de Dios<\/p><\/div><\/td>\n<td style=\"height: 256px;width: 232px\">\n<p><div id=\"attachment_5183\" style=\"width: 205px\" class=\"wp-caption aligncenter\"><a href=\"http:\/\/www.esglesiadetarragona.cat\/wp-content\/uploads\/2018\/06\/hp3564Castellano.pdf\" target=\"_blank\" rel=\"noopener noreferrer\"><img loading=\"lazy\" decoding=\"async\" aria-describedby=\"caption-attachment-5183\" class=\"wp-image-5183\" src=\"https:\/\/www.esglesiadetarragona.cat\/wp-content\/uploads\/2018\/06\/hp3564Castellano-2.jpg?sequence=3&amp;isAllowed=y?\" alt=\"\" width=\"205\" height=\"280\" \/><\/a><p id=\"caption-attachment-5183\" class=\"wp-caption-text\">Leer la Hoja Dominical<\/p><\/div><\/td>\n<\/tr>\n<tr style=\"height: 18.2667px\">\n<td style=\"height: 18.2667px;width: 714px\" colspan=\"2\">[youtube https:\/\/www.youtube.com\/watch?v=AtHVZKHZP6w]<\/p>\n<hr \/>\n<p>[youtube https:\/\/www.youtube.com\/watch?v=QgLFRqHORE4]<\/p>\n<p>&nbsp;<\/p>\n<p><a href=\"http:\/\/www.tarraconense.cat\/index.php?idioma=2&amp;id=26541&amp;arxiu=fitxa_document&amp;id_familia=2758&amp;id_subfamilia=8928\" target=\"_blank\" rel=\"noopener noreferrer\"><img loading=\"lazy\" decoding=\"async\" class=\"aligncenter wp-image-7549 size-full\" src=\"http:\/\/salou2.wp.arqtgn.cat\/wp-content\/uploads\/sites\/10\/2018\/06\/2018_pastoral_carretera_jor.jpg\" alt=\"\" width=\"800\" height=\"1135\" srcset=\"https:\/\/smaria.salou.arqtgn.cat\/wp-content\/uploads\/sites\/10\/2018\/06\/2018_pastoral_carretera_jor.jpg 800w, https:\/\/smaria.salou.arqtgn.cat\/wp-content\/uploads\/sites\/10\/2018\/06\/2018_pastoral_carretera_jor-211x300.jpg 211w, https:\/\/smaria.salou.arqtgn.cat\/wp-content\/uploads\/sites\/10\/2018\/06\/2018_pastoral_carretera_jor-768x1090.jpg 768w, https:\/\/smaria.salou.arqtgn.cat\/wp-content\/uploads\/sites\/10\/2018\/06\/2018_pastoral_carretera_jor-722x1024.jpg 722w\" sizes=\"auto, (max-width: 800px) 100vw, 800px\" \/><\/a><a href=\"http:\/\/www.tarraconense.cat\/index.php?idioma=2&amp;id=26541&amp;arxiu=fitxa_document&amp;id_familia=2758&amp;id_subfamilia=8928\"><img loading=\"lazy\" decoding=\"async\" class=\"aligncenter wp-image-7547 size-full\" src=\"http:\/\/salou2.wp.arqtgn.cat\/wp-content\/uploads\/sites\/10\/2018\/06\/Cristof_Estampa_w.jpg\" alt=\"\" width=\"800\" height=\"629\" srcset=\"https:\/\/smaria.salou.arqtgn.cat\/wp-content\/uploads\/sites\/10\/2018\/06\/Cristof_Estampa_w.jpg 800w, https:\/\/smaria.salou.arqtgn.cat\/wp-content\/uploads\/sites\/10\/2018\/06\/Cristof_Estampa_w-300x236.jpg 300w, https:\/\/smaria.salou.arqtgn.cat\/wp-content\/uploads\/sites\/10\/2018\/06\/Cristof_Estampa_w-768x604.jpg 768w\" sizes=\"auto, (max-width: 800px) 100vw, 800px\" \/><\/a><\/td>\n<\/tr>\n<tr style=\"height: 18px\">\n<td style=\"height: 18px;width: 714px\" colspan=\"2\">\n<h3><span style=\"color: #ff6600\"><strong>Lectura espiritual<\/strong><\/span><\/h3>\n<p>&nbsp;<\/p>\n<p style=\"text-align: justify\">Recordemos el consejo de Pablo: <em>\u201cOrad siempre. Haced en todo eucarist\u00eda (acci\u00f3n de gracias)\u201d <\/em>(1Te 5,17-18). Una de las gracias m\u00e1s grandes que un hombre puede obtener en este mundo es descubrir que, con el \u00fanico deseo de Cristo, puede moverse con naturalidad y descubrir a Dios en toda circunstancia.<\/p>\n<p style=\"text-align: justify\">Es en esta l\u00ednea que hay que rezar los vers\u00edculos 4 al 9 del cap\u00edtulo cuarto de la carta a los Filipenses que constituyen el tel\u00f3n de fondo de este libro: <em>\u201cAlegraos siempre en el Se\u00f1or; os lo repito, alegraos. Que vuestra mesura la conozca todo el mundo. El Se\u00f1or est\u00e1 cerca. Nada os preocupe; sino que, en toda ocasi\u00f3n, en la oraci\u00f3n y en la s\u00faplica, con acci\u00f3n de gracias, vuestras peticiones sean presentadas a Dios. Y la paz de Dios, que supera todo juicio, custodiar\u00e1 vuestros corazones y vuestros pensamientos en Cristo Jes\u00fas. Finalmente, hermanos, todo lo que es verdadero, noble, justo, puro, amable, laudable, todo lo que es virtud o m\u00e9rito, tenedlo en cuenta. Lo que aprendisteis, recibisteis, o\u00edsteis, visteis en m\u00ed, ponedlo por obra. Y el Dios de la paz estar\u00e1 con vosotros.\u201d <\/em><\/p>\n<p style=\"text-align: justify\">Nosotros no estamos ah\u00ed porque no hemos descubierto la oraci\u00f3n del coraz\u00f3n. Tenemos miedo de llegar a esta simplicidad porque queremos que nuestra oraci\u00f3n entre en un cuadro bien organizado. Se necesita mucho tiempo para llegar a esta simplicidad en la oraci\u00f3n y al olvido de nosotros mismos para escoger lo que conviene a nuestra oraci\u00f3n.<\/p>\n<p style=\"text-align: justify\">\u00bfMe ayuda esto a encontrar a Dios? Es la \u00fanica pregunta que me he de hacer. La unidad vendr\u00e1 del coraz\u00f3n que no saborea sus joyas ni se para en sus tristezas sino que encuentra en Dios todas las cosas en un movimiento de abandono.<\/p>\n<p style=\"text-align: justify\">A menudo buscamos realizar la oraci\u00f3n fuera de nosotros y miramos de crearla a partir de las palabras, de las ideas o las buscamos por encima o a nuestro alrededor en los \u201cgruesos libros\u201d que describen las t\u00e9cnicas de la oraci\u00f3n. Mientras tratemos de producir la oraci\u00f3n a partir del exterior, no llegaremos nunca a rezar realmente y siempre.<\/p>\n<p style=\"text-align: justify\">Todos hemos de descubrir, un d\u00eda u otro, que llevamos en nosotros un \u201ccoraz\u00f3n de oraci\u00f3n\u201d. Dec\u00eda un monje: \u201cHoy tengo la impresi\u00f3n que hace muchos a\u00f1os que llevaba la oraci\u00f3n en mi coraz\u00f3n, pero no lo sab\u00eda. Era como una fuente que una piedra recubr\u00eda. De repente, Jes\u00fas ha sacado la piedra. Entonces la fuente ha empezado a brotar, y desde entonces brota siempre.<\/p>\n<p style=\"text-align: justify\">Hay que descubrir \u201cel hombre escondido en el fondo del coraz\u00f3n\u201d seg\u00fan la bella expresi\u00f3n de san Pedro (1Pe 3,4) hablando de la situaci\u00f3n del hombre nuevo. San Bruno hablar\u00e1 del \u201ccoraz\u00f3n profundo\u201d.<\/p>\n<p style=\"text-align: justify\">El hombre lleva, escondida en el fondo de su coraz\u00f3n, la energ\u00eda de la Resurrecci\u00f3n, el dinamismo del Esp\u00edritu Santo que no es otra cosa que la gracia bautismal que nos hace \u201cParticipantes de la naturaleza divina\u201d (2Pe 1,4).<\/p>\n<p>Hemos bajado a los infiernos con Cristo, en las aguas de la muerte que se han convertido en aguas luminosas y hemos sido revestidos con su Resurrecci\u00f3n, es decir, con el poder de su gloria. Es que llevamos en nuestro inconsciente, no solo el subconsciente freudiano que es un infraconsciente, sino tambi\u00e9n un supraconsciente que no es otra cosa que la energ\u00eda divina, la gracia bautismal.<\/p>\n<p style=\"text-align: justify\"><em>Jean Lafrange: La oraci\u00f3n del coraz\u00f3n<\/em><\/p>\n<\/td>\n<\/tr>\n<\/tbody>\n<\/table>\n<p>\u200b<\/p>\n<p>&nbsp;<\/p>\n","protected":false},"excerpt":{"rendered":"<p>&nbsp; [youtube https:\/\/www.youtube.com\/watch?v=AtHVZKHZP6w] [youtube https:\/\/www.youtube.com\/watch?v=QgLFRqHORE4] &nbsp; Lectura espiritual &nbsp; Recordemos el consejo de Pablo: \u201cOrad siempre. Haced en todo eucarist\u00eda (acci\u00f3n de gracias)\u201d (1Te 5,17-18). Una de las gracias m\u00e1s grandes que un hombre puede obtener en este mundo es descubrir que, con el \u00fanico deseo de Cristo, puede moverse con naturalidad y descubrir a &hellip; <\/p>\n<p><a class=\"more-link btn\" href=\"https:\/\/smaria.salou.arqtgn.cat\/es\/domingo-xiii-tiempo-ordinario-b-2018\/\">Seguir leyendo<\/a><\/p>\n","protected":false},"author":11,"featured_media":0,"comment_status":"closed","ping_status":"closed","sticky":false,"template":"","format":"standard","meta":{"footnotes":""},"categories":[52,49],"tags":[],"class_list":["post-10152","post","type-post","status-publish","format-standard","hentry","category-para-reflexionar","category-preparando-el-domingo","item-wrap"],"amp_enabled":true,"_links":{"self":[{"href":"https:\/\/smaria.salou.arqtgn.cat\/es\/wp-json\/wp\/v2\/posts\/10152","targetHints":{"allow":["GET"]}}],"collection":[{"href":"https:\/\/smaria.salou.arqtgn.cat\/es\/wp-json\/wp\/v2\/posts"}],"about":[{"href":"https:\/\/smaria.salou.arqtgn.cat\/es\/wp-json\/wp\/v2\/types\/post"}],"author":[{"embeddable":true,"href":"https:\/\/smaria.salou.arqtgn.cat\/es\/wp-json\/wp\/v2\/users\/11"}],"replies":[{"embeddable":true,"href":"https:\/\/smaria.salou.arqtgn.cat\/es\/wp-json\/wp\/v2\/comments?post=10152"}],"version-history":[{"count":0,"href":"https:\/\/smaria.salou.arqtgn.cat\/es\/wp-json\/wp\/v2\/posts\/10152\/revisions"}],"wp:attachment":[{"href":"https:\/\/smaria.salou.arqtgn.cat\/es\/wp-json\/wp\/v2\/media?parent=10152"}],"wp:term":[{"taxonomy":"category","embeddable":true,"href":"https:\/\/smaria.salou.arqtgn.cat\/es\/wp-json\/wp\/v2\/categories?post=10152"},{"taxonomy":"post_tag","embeddable":true,"href":"https:\/\/smaria.salou.arqtgn.cat\/es\/wp-json\/wp\/v2\/tags?post=10152"}],"curies":[{"name":"wp","href":"https:\/\/api.w.org\/{rel}","templated":true}]}}