{"id":10148,"date":"2018-06-22T17:18:46","date_gmt":"2018-06-22T15:18:46","guid":{"rendered":"http:\/\/smaria.salou.arqtgn.cat\/nacimiento-de-san-juan-bautista-b-2018\/"},"modified":"2018-06-22T17:18:46","modified_gmt":"2018-06-22T15:18:46","slug":"nacimiento-de-san-juan-bautista-b-2018","status":"publish","type":"post","link":"https:\/\/smaria.salou.arqtgn.cat\/es\/nacimiento-de-san-juan-bautista-b-2018\/","title":{"rendered":"Nacimiento de san Juan Bautista \/ B \/ 2018"},"content":{"rendered":"<p>&nbsp;<\/p>\n<table style=\"height: 211px;width: 739px\">\n<tbody>\n<tr style=\"height: 256px\">\n<td style=\"height: 256px;width: 482px\">\n<p><div id=\"attachment_7202\" style=\"width: 251px\" class=\"wp-caption aligncenter\"><a href=\"http:\/\/lecturesmissa.arqtgn.cat\/\" target=\"_blank\" rel=\"noopener noreferrer\"><img decoding=\"async\" aria-describedby=\"caption-attachment-7202\" class=\"wp-image-7202\" src=\"http:\/\/3.bp.blogspot.com\/-cV2_l-HpBrc\/Ucdh6ZTdtoI\/AAAAAAAAMWE\/QPFy875u7rM\/s800\/Icona+Sant+Joan+Baptista.JPG\" alt=\"\" width=\"251\" \/><\/a><p id=\"caption-attachment-7202\" class=\"wp-caption-text\">Llegir la Paraula de D\u00e9u<\/p><\/div><\/td>\n<td style=\"height: 256px;width: 232px\">\n<p><div id=\"attachment_5183\" style=\"width: 205px\" class=\"wp-caption aligncenter\"><a href=\"http:\/\/www.esglesiadetarragona.cat\/wp-content\/uploads\/2018\/06\/fpc3563Castellano.pdf\" target=\"_blank\" rel=\"noopener noreferrer\"><img loading=\"lazy\" decoding=\"async\" aria-describedby=\"caption-attachment-5183\" class=\"wp-image-5183\" src=\"https:\/\/www.esglesiadetarragona.cat\/wp-content\/uploads\/2018\/06\/fpc3563Castellano-2.jpg?sequence=3&amp;isAllowed=y?\" alt=\"\" width=\"205\" height=\"280\" \/><\/a><p id=\"caption-attachment-5183\" class=\"wp-caption-text\">Llegir el Full Dominical<\/p><\/div><\/td>\n<\/tr>\n<tr style=\"height: 18.2667px\">\n<td style=\"height: 18.2667px;width: 714px\" colspan=\"2\">[youtube https:\/\/www.youtube.com\/watch?v=qredj_GOmVs]<\/p>\n<hr \/>\n<p>[youtube https:\/\/www.youtube.com\/watch?v=lRNP720FT8M]<\/p>\n<p>&nbsp;<\/td>\n<\/tr>\n<tr style=\"height: 18px\">\n<td style=\"height: 18px;width: 714px\" colspan=\"2\">\n<h3><span style=\"color: #ff6600\"><strong>Lectura espiritual<\/strong><\/span><\/h3>\n<p><strong>Un coraz\u00f3n de oraci\u00f3n<\/strong><\/p>\n<p style=\"text-align: justify\">Esto acontece en el fondo de la vida trinitaria oculta en nuestro coraz\u00f3n. Por unos instantes, una \u201cola\u201d de esta vida perdida en el fondo del ser sube hasta la conciencia y nos da el gusto, el empuje, el amor.<\/p>\n<p style=\"text-align: justify\">Para hablar de la oraci\u00f3n, antes hay que hablar de la vida trinitaria perdida en el coraz\u00f3n del hombre. Y lo que complica el despliegue de esta vida y bloquea la m\u00e1quina, es que est\u00e1 gimiendo en nosotros como en un coraz\u00f3n de piedra.<\/p>\n<p style=\"text-align: justify\">Si no conseguimos rezar bien, no es a causa del poco tiempo o de las distracciones, sino a causa de nuestro coraz\u00f3n de piedra prisionero en un \u201ccuerpo de muerte\u201d (Rm 7,20).<\/p>\n<p style=\"text-align: justify\">Hablamos de una oraci\u00f3n equivalente a la que los Padres del Oriente han llamado la \u201cOraci\u00f3n del coraz\u00f3n\u201d, oraci\u00f3n que busca su fuente y sus ra\u00edces en lo m\u00e1s \u00edntimo de nuestro ser, m\u00e1s all\u00e1 de nuestro esp\u00edritu, de nuestra voluntad, de nuestros afectos y de las t\u00e9cnicas de oraci\u00f3n.<\/p>\n<p style=\"text-align: justify\">Por la oraci\u00f3n del coraz\u00f3n, buscamos a Dios mismo o a las energ\u00edas del Esp\u00edritu en las profundidades de nuestro ser y lo encontramos invocando el nombre de Jes\u00fas con fe y amor.<\/p>\n<p style=\"text-align: justify\">El nombre de Jes\u00fas es como un \u201cdisparo\u201d, una flecha que horada nuestro coraz\u00f3n y libera la Gloria del Resucitado colgada en nosotros desde el bautismo. Cuando hablamos de un encuentro con Dios, hay que entender bien los t\u00e9rminos de la experiencia m\u00edstica.<\/p>\n<p style=\"text-align: justify\">Cuando decimos que el hombre ha de descubrir la oraci\u00f3n, pensamos en las energ\u00edas del Esp\u00edritu que habitan en su coraz\u00f3n (Rm 8,9-11) para transfigurarlo. Incluso todo el cuerpo participa de esta transfiguraci\u00f3n, de tal manera, que es remodelado, transformado y santificado por la potencia del Esp\u00edritu.<\/p>\n<p style=\"text-align: justify\">Haber nacido de nuevo es como haber estado tomado de nuevo y vuelto a pastar en el seno mismo de la Trinidad; es como volver al mundo despu\u00e9s de haber tomado un ba\u00f1o en un agua profunda y luminosa, la de la verdad del Dios Amor (1Jn 3).<\/p>\n<p style=\"text-align: justify\">En el fondo, es tomarse seriamente la gran afirmaci\u00f3n paulina: \u201c\u00bfNo sab\u00e9is que vuestro cuerpo es templo del Esp\u00edritu Santo, recibido de Dios, que habita en vosotros?&#8230; As\u00ed pues, glorificad Dios en vuestro cuerpo\u201d (1Co 6,19-20). Entonces la oraci\u00f3n se desintelectualiza, se identifica con el ser f\u00edsico y se adhiere al mismo ritmo de la respiraci\u00f3n.<\/p>\n<p style=\"text-align: justify\">Esto puede parecernos extra\u00f1o a los occidentales. A causa de nuestro esp\u00edritu cartesiano, tenemos siempre tendencia a imaginarnos el Esp\u00edritu Santo como al Esp\u00edritu que tiene una cierta connaturalidad con la realidad de la inteligencia del hombre, cuando, de hecho, el Esp\u00edritu Santo -como Dios que es- trasciende radicalmente tanto la inteligencia del hombre como su naturaleza corporal, y puede santificar y transformar realmente tanto el cuerpo del hombre como su alma.<\/p>\n<p style=\"text-align: right\"><em>Jean Lafrange: La oraci\u00f3n del coraz\u00f3n<\/em><\/p>\n<\/td>\n<\/tr>\n<\/tbody>\n<\/table>\n<p>\u200b<\/p>\n<p>&nbsp;<\/p>\n","protected":false},"excerpt":{"rendered":"<p>&nbsp; [youtube https:\/\/www.youtube.com\/watch?v=qredj_GOmVs] [youtube https:\/\/www.youtube.com\/watch?v=lRNP720FT8M] &nbsp; Lectura espiritual Un coraz\u00f3n de oraci\u00f3n Esto acontece en el fondo de la vida trinitaria oculta en nuestro coraz\u00f3n. Por unos instantes, una \u201cola\u201d de esta vida perdida en el fondo del ser sube hasta la conciencia y nos da el gusto, el empuje, el amor. Para hablar de &hellip; <\/p>\n<p><a class=\"more-link btn\" href=\"https:\/\/smaria.salou.arqtgn.cat\/es\/nacimiento-de-san-juan-bautista-b-2018\/\">Seguir leyendo<\/a><\/p>\n","protected":false},"author":11,"featured_media":0,"comment_status":"closed","ping_status":"closed","sticky":false,"template":"","format":"standard","meta":{"footnotes":""},"categories":[52,49],"tags":[],"class_list":["post-10148","post","type-post","status-publish","format-standard","hentry","category-para-reflexionar","category-preparando-el-domingo","item-wrap"],"amp_enabled":true,"_links":{"self":[{"href":"https:\/\/smaria.salou.arqtgn.cat\/es\/wp-json\/wp\/v2\/posts\/10148","targetHints":{"allow":["GET"]}}],"collection":[{"href":"https:\/\/smaria.salou.arqtgn.cat\/es\/wp-json\/wp\/v2\/posts"}],"about":[{"href":"https:\/\/smaria.salou.arqtgn.cat\/es\/wp-json\/wp\/v2\/types\/post"}],"author":[{"embeddable":true,"href":"https:\/\/smaria.salou.arqtgn.cat\/es\/wp-json\/wp\/v2\/users\/11"}],"replies":[{"embeddable":true,"href":"https:\/\/smaria.salou.arqtgn.cat\/es\/wp-json\/wp\/v2\/comments?post=10148"}],"version-history":[{"count":0,"href":"https:\/\/smaria.salou.arqtgn.cat\/es\/wp-json\/wp\/v2\/posts\/10148\/revisions"}],"wp:attachment":[{"href":"https:\/\/smaria.salou.arqtgn.cat\/es\/wp-json\/wp\/v2\/media?parent=10148"}],"wp:term":[{"taxonomy":"category","embeddable":true,"href":"https:\/\/smaria.salou.arqtgn.cat\/es\/wp-json\/wp\/v2\/categories?post=10148"},{"taxonomy":"post_tag","embeddable":true,"href":"https:\/\/smaria.salou.arqtgn.cat\/es\/wp-json\/wp\/v2\/tags?post=10148"}],"curies":[{"name":"wp","href":"https:\/\/api.w.org\/{rel}","templated":true}]}}