{"id":10145,"date":"2018-06-15T17:31:55","date_gmt":"2018-06-15T15:31:55","guid":{"rendered":"http:\/\/smaria.salou.arqtgn.cat\/domingo-xi-tiempo-ordinario-b-2018\/"},"modified":"2018-06-15T17:31:55","modified_gmt":"2018-06-15T15:31:55","slug":"domingo-xi-tiempo-ordinario-b-2018","status":"publish","type":"post","link":"https:\/\/smaria.salou.arqtgn.cat\/es\/domingo-xi-tiempo-ordinario-b-2018\/","title":{"rendered":"Domingo XI tiempo ordinario \/ B \/ 2018"},"content":{"rendered":"<p>&nbsp;<\/p>\n<table style=\"height: 211px;width: 739px\">\n<tbody>\n<tr style=\"height: 256px\">\n<td style=\"height: 256px;width: 482px\">\n<p><div id=\"attachment_7202\" style=\"width: 459px\" class=\"wp-caption aligncenter\"><a href=\"http:\/\/lecturesmissa.arqtgn.cat\/\" target=\"_blank\" rel=\"noopener noreferrer\"><img loading=\"lazy\" decoding=\"async\" aria-describedby=\"caption-attachment-7202\" class=\"wp-image-7202\" src=\"https:\/\/vivirfi.org\/wp-content\/uploads\/2017\/07\/170723-grano-de-mostaaza-1.jpg\" alt=\"\" width=\"459\" height=\"287\" \/><\/a><p id=\"caption-attachment-7202\" class=\"wp-caption-text\">Llegir la Paraula de D\u00e9u<\/p><\/div><\/td>\n<td style=\"height: 256px;width: 232px\">\n<p><div id=\"attachment_5183\" style=\"width: 205px\" class=\"wp-caption aligncenter\"><a href=\"http:\/\/www.esglesiadetarragona.cat\/wp-content\/uploads\/2018\/06\/fp3562Castellano.pdf\" target=\"_blank\" rel=\"noopener noreferrer\"><img loading=\"lazy\" decoding=\"async\" aria-describedby=\"caption-attachment-5183\" class=\"wp-image-5183\" src=\"https:\/\/www.esglesiadetarragona.cat\/wp-content\/uploads\/2018\/06\/fp3562Castellano-2.jpg?sequence=3&amp;isAllowed=y?\" alt=\"\" width=\"205\" height=\"280\" \/><\/a><p id=\"caption-attachment-5183\" class=\"wp-caption-text\">Llegir el Full Dominical<\/p><\/div><\/td>\n<\/tr>\n<tr style=\"height: 18.2667px\">\n<td style=\"height: 18.2667px;width: 714px\" colspan=\"2\">[youtube https:\/\/www.youtube.com\/watch?v=AcLMNO5OOiE]<\/p>\n<hr \/>\n<p>[youtube https:\/\/www.youtube.com\/watch?v=uXSB35fwsvQ]<\/p>\n<p>&nbsp;<\/p>\n<p><a href=\"http:\/\/salou2.wp.arqtgn.cat\/wp-content\/uploads\/sites\/10\/2018\/06\/40_Esplai.jpg\"><img loading=\"lazy\" decoding=\"async\" class=\"aligncenter size-full wp-image-7519\" src=\"http:\/\/salou2.wp.arqtgn.cat\/wp-content\/uploads\/sites\/10\/2018\/06\/40_Esplai.jpg\" alt=\"\" width=\"677\" height=\"960\" srcset=\"https:\/\/smaria.salou.arqtgn.cat\/wp-content\/uploads\/sites\/10\/2018\/06\/40_Esplai.jpg 677w, https:\/\/smaria.salou.arqtgn.cat\/wp-content\/uploads\/sites\/10\/2018\/06\/40_Esplai-212x300.jpg 212w\" sizes=\"auto, (max-width: 677px) 100vw, 677px\" \/><\/a><\/td>\n<\/tr>\n<tr style=\"height: 18px\">\n<td style=\"height: 18px;width: 714px\" colspan=\"2\">\n<h3><span style=\"color: #ff6600\"><strong>Lectura espiritual<\/strong><\/span><\/h3>\n<p style=\"text-align: justify\">Al iniciar estas p\u00e1ginas, querr\u00eda hacer una pregunta al lector: \u201c\u00bfHas sorprendido ya a tu coraz\u00f3n en flagrante delito de oraci\u00f3n?\u201d Es una experiencia muy concreta la que evoco.<\/p>\n<p style=\"text-align: justify\">Seguramente todos nosotros la hemos hecho en un momento u otro de nuestra vida, ya sea cuando nos hemos encontrado con un verdadero hombre (o mujer) de oraci\u00f3n, ya sea al leer un libro que, de golpe, nos sumerge en el misterio de la relaci\u00f3n del hombre con Dios.<\/p>\n<p style=\"text-align: justify\">Los escritos del monje Silvano me causan esta impresi\u00f3n, no los puedo leer sin que inmediatamente me sienta pose\u00eddo por la oraci\u00f3n que ya no me deja.<\/p>\n<p style=\"text-align: justify\">Una madre de familia me confesaba un d\u00eda que se sent\u00eda pose\u00edda por unas \u201colas de oraci\u00f3n\u201d mientras hac\u00eda la limpieza de la casa, aunque su oraci\u00f3n era seca y ardua.<\/p>\n<p style=\"text-align: justify\">Cuando hacemos esa experiencia, la palabra que se nos presenta espont\u00e1neamente a nuestra conciencia es la de los peregrinos de Ema\u00fas: \u201c\u00bfNo es verdad que nuestro coraz\u00f3n ard\u00eda, cuando nos hablaba por el camino y nos habr\u00eda el sentido de las escrituras?\u201d (Lc 24,32).<\/p>\n<p style=\"text-align: justify\">\u00bfQu\u00e9 pasa entonces? No hay psicolog\u00eda humana que sea capaz de decirlo. En nuestra vida hay momentos que presentimos el Reino de los cielos, que la puerta de nuestro coraz\u00f3n se abre y deja brotar la oraci\u00f3n.<\/p>\n<p style=\"text-align: justify\">Imaginaros un hombre que hubiera vivido una experiencia de amistad hasta los veinte a\u00f1os, que no hubiera vuelto a ver a su amigo y que, de repente, en el espacio de un segundo, viera surgir el rostro de su amigo -una especie de cosa huidiza, secreta, pero tambi\u00e9n muy fuerte-. Es la experiencia de quien se aproxima al mar: el aire no es el mismo, est\u00e1 saturado de yodo. Es el viento del cielo, el soplo del Esp\u00edritu Santo.<\/p>\n<p style=\"text-align: justify\">Todos lo hemos sentido pasar alg\u00fan d\u00eda: solo esto nos puede atraer hacia Dios y darnos el gusto y el deseo de rezar. No se entra en la vida de oraci\u00f3n porque se est\u00e1 convencido que se es m\u00e1s perfecto, sino porque no se puede hacer otra cosa.<\/p>\n<p style=\"text-align: justify\">Imaginaros san Pablo despu\u00e9s de la experiencia del camino de Damasco. Su problema ya no era el de saber c\u00f3mo encontrar\u00eda Dios sino c\u00f3mo lo soportar\u00eda el d\u00eda de su visita: ya no se trataba de buscarlo sino de dejarse buscar y encontrar por \u00e9l.<\/p>\n<p style=\"text-align: justify\">Entonces comprendi\u00f3 lo rid\u00edculos que eran sus deseos ante la realidad del rostro del Resucitado.<\/p>\n<p style=\"text-align: right\"><em>Jean Lafrange: La oraci\u00f3n del coraz\u00f3n<\/em><\/p>\n<\/td>\n<\/tr>\n<\/tbody>\n<\/table>\n<p>\u200b<\/p>\n<p>&nbsp;<\/p>\n","protected":false},"excerpt":{"rendered":"<p>&nbsp; [youtube https:\/\/www.youtube.com\/watch?v=AcLMNO5OOiE] [youtube https:\/\/www.youtube.com\/watch?v=uXSB35fwsvQ] &nbsp; Lectura espiritual Al iniciar estas p\u00e1ginas, querr\u00eda hacer una pregunta al lector: \u201c\u00bfHas sorprendido ya a tu coraz\u00f3n en flagrante delito de oraci\u00f3n?\u201d Es una experiencia muy concreta la que evoco. Seguramente todos nosotros la hemos hecho en un momento u otro de nuestra vida, ya sea cuando nos &hellip; <\/p>\n<p><a class=\"more-link btn\" href=\"https:\/\/smaria.salou.arqtgn.cat\/es\/domingo-xi-tiempo-ordinario-b-2018\/\">Seguir leyendo<\/a><\/p>\n","protected":false},"author":11,"featured_media":0,"comment_status":"closed","ping_status":"closed","sticky":false,"template":"","format":"standard","meta":{"footnotes":""},"categories":[52,49],"tags":[],"class_list":["post-10145","post","type-post","status-publish","format-standard","hentry","category-para-reflexionar","category-preparando-el-domingo","item-wrap"],"amp_enabled":true,"_links":{"self":[{"href":"https:\/\/smaria.salou.arqtgn.cat\/es\/wp-json\/wp\/v2\/posts\/10145","targetHints":{"allow":["GET"]}}],"collection":[{"href":"https:\/\/smaria.salou.arqtgn.cat\/es\/wp-json\/wp\/v2\/posts"}],"about":[{"href":"https:\/\/smaria.salou.arqtgn.cat\/es\/wp-json\/wp\/v2\/types\/post"}],"author":[{"embeddable":true,"href":"https:\/\/smaria.salou.arqtgn.cat\/es\/wp-json\/wp\/v2\/users\/11"}],"replies":[{"embeddable":true,"href":"https:\/\/smaria.salou.arqtgn.cat\/es\/wp-json\/wp\/v2\/comments?post=10145"}],"version-history":[{"count":0,"href":"https:\/\/smaria.salou.arqtgn.cat\/es\/wp-json\/wp\/v2\/posts\/10145\/revisions"}],"wp:attachment":[{"href":"https:\/\/smaria.salou.arqtgn.cat\/es\/wp-json\/wp\/v2\/media?parent=10145"}],"wp:term":[{"taxonomy":"category","embeddable":true,"href":"https:\/\/smaria.salou.arqtgn.cat\/es\/wp-json\/wp\/v2\/categories?post=10145"},{"taxonomy":"post_tag","embeddable":true,"href":"https:\/\/smaria.salou.arqtgn.cat\/es\/wp-json\/wp\/v2\/tags?post=10145"}],"curies":[{"name":"wp","href":"https:\/\/api.w.org\/{rel}","templated":true}]}}