{"id":10137,"date":"2018-06-08T17:29:53","date_gmt":"2018-06-08T15:29:53","guid":{"rendered":"http:\/\/smaria.salou.arqtgn.cat\/domingo-x-tiempo-ordinario-b-2018\/"},"modified":"2018-06-08T17:29:53","modified_gmt":"2018-06-08T15:29:53","slug":"domingo-x-tiempo-ordinario-b-2018","status":"publish","type":"post","link":"https:\/\/smaria.salou.arqtgn.cat\/es\/domingo-x-tiempo-ordinario-b-2018\/","title":{"rendered":"Domingo X tiempo ordinario \/ B \/ 2018"},"content":{"rendered":"<p>&nbsp;<\/p>\n<table style=\"height: 211px;width: 739px\">\n<tbody>\n<tr style=\"height: 256px\">\n<td style=\"height: 256px;width: 482px\">\n<p><div id=\"attachment_7202\" style=\"width: 427px\" class=\"wp-caption aligncenter\"><a href=\"http:\/\/lecturesmissa.arqtgn.cat\/\" target=\"_blank\" rel=\"noopener noreferrer\"><img loading=\"lazy\" decoding=\"async\" aria-describedby=\"caption-attachment-7202\" class=\"wp-image-7202\" src=\"http:\/\/www.accioncatolicageneral.es\/images\/domingo\/ninos.jpg\" alt=\"\" width=\"427\" height=\"415\" \/><\/a><p id=\"caption-attachment-7202\" class=\"wp-caption-text\">Llegir la Paraula de D\u00e9u<\/p><\/div><\/td>\n<td style=\"height: 256px;width: 232px\">\n<p><div id=\"attachment_5183\" style=\"width: 205px\" class=\"wp-caption aligncenter\"><a href=\"http:\/\/www.esglesiadetarragona.cat\/wp-content\/uploads\/2018\/06\/fp3561Castellano.pdf\" target=\"_blank\" rel=\"noopener noreferrer\"><img loading=\"lazy\" decoding=\"async\" aria-describedby=\"caption-attachment-5183\" class=\"wp-image-5183\" src=\"https:\/\/www.esglesiadetarragona.cat\/wp-content\/uploads\/2018\/06\/fp3561Castellano-2.jpg?sequence=3&amp;isAllowed=y?\" alt=\"\" width=\"205\" height=\"280\" \/><\/a><p id=\"caption-attachment-5183\" class=\"wp-caption-text\">Llegir el Full Dominical<\/p><\/div><\/td>\n<\/tr>\n<tr style=\"height: 18.2667px\">\n<td style=\"height: 18.2667px;width: 714px\" colspan=\"2\">[youtube https:\/\/www.youtube.com\/watch?v=qmUO9i7Oxis]<\/p>\n<hr \/>\n<p>[youtube https:\/\/www.youtube.com\/watch?v=czN8qNL6pYk]<\/p>\n<p style=\"text-align: center\"><a href=\"http:\/\/salou2.wp.arqtgn.cat\/wp-content\/uploads\/sites\/10\/2018\/06\/Cartell_2018.jpg\"><img loading=\"lazy\" decoding=\"async\" class=\"aligncenter size-full wp-image-7479\" src=\"http:\/\/salou2.wp.arqtgn.cat\/wp-content\/uploads\/sites\/10\/2018\/06\/Cartell_2018.jpg\" alt=\"\" width=\"800\" height=\"1131\" srcset=\"https:\/\/smaria.salou.arqtgn.cat\/wp-content\/uploads\/sites\/10\/2018\/06\/Cartell_2018.jpg 800w, https:\/\/smaria.salou.arqtgn.cat\/wp-content\/uploads\/sites\/10\/2018\/06\/Cartell_2018-212x300.jpg 212w, https:\/\/smaria.salou.arqtgn.cat\/wp-content\/uploads\/sites\/10\/2018\/06\/Cartell_2018-768x1086.jpg 768w, https:\/\/smaria.salou.arqtgn.cat\/wp-content\/uploads\/sites\/10\/2018\/06\/Cartell_2018-724x1024.jpg 724w\" sizes=\"auto, (max-width: 800px) 100vw, 800px\" \/><\/a><\/p>\n<p>[youtube https:\/\/www.youtube.com\/watch?v=amw1jHtH0kg]<\/td>\n<\/tr>\n<tr style=\"height: 18px\">\n<td style=\"height: 18px;width: 714px\" colspan=\"2\">\n<h3><span style=\"color: #ff6600\"><strong>Lectura espiritual<\/strong><\/span><\/h3>\n<p><em><strong>Rom 8,14-39<\/strong><\/em><\/p>\n<p style=\"text-align: justify\">Todos los que son conducidos por el Esp\u00edritu de Dios son hijos de Dios.\u00a0 Y vosotros no hab\u00e9is recibido un esp\u00edritu de esclavos para volver a caer en el temor, sino el esp\u00edritu de hijos adoptivos, que nos hace llamar a Dios: Padre. El mismo esp\u00edritu se une a nuestro esp\u00edritu para dar testimonio de que somos hijos de Dios. Si somos hijos, tambi\u00e9n somos herederos, herederos de Dios y coherederos de Cristo, porque sufrimos con \u00e9l para ser glorificados con \u00e9l.<\/p>\n<p style=\"text-align: justify\">Yo considero que los sufrimientos del tiempo presente no pueden compararse con la gloria futura que se revelar\u00e1 en nosotros. Sabemos que la creaci\u00f3n entera, hasta el presente, gime y sufre dolores de parto.\u00a0 Y no s\u00f3lo ella: tambi\u00e9n nosotros, que poseemos las primicias del Esp\u00edritu, gemimos interiormente anhelando que se realice la redenci\u00f3n de nuestro cuerpo.\u00a0 Porque solamente en esperanza estamos salvados. Ahora bien, cuando se ve lo que se espera, ya no se espera m\u00e1s: \u00bfacaso se puede esperar lo que se ve?<\/p>\n<p style=\"text-align: justify\">En cambio, si esperamos lo que no vemos, lo esperamos con constancia.\u00a0 Igualmente, el mismo Esp\u00edritu viene en ayuda de nuestra debilidad porque no sabemos orar como es debido; pero es Esp\u00edritu intercede por nosotros con gemidos inefables.\u00a0 Y el que sondea los corazones conoce el deseo del Esp\u00edritu y sabe que su intercesi\u00f3n en favor de los santos est\u00e1 de acuerdo con la voluntad divina.<\/p>\n<p style=\"text-align: justify\">Sabemos, adem\u00e1s, que Dios dispone, todas las cosas para el bien de los que lo aman, de aquellos que \u00e9l llam\u00f3 seg\u00fan su designio. En efecto, a los que Dios conoci\u00f3 de antemano, los predestin\u00f3 a reproducir la imagen de su Hijo, para que \u00e9l fuera el Primog\u00e9nito entre muchos hermanos;\u00a0 y a los que predestin\u00f3, tambi\u00e9n los llam\u00f3; y a los que llam\u00f3, tambi\u00e9n los justific\u00f3; y a los que justific\u00f3, tambi\u00e9n los glorific\u00f3.<\/p>\n<p style=\"text-align: justify\">\u00bfQu\u00e9 diremos despu\u00e9s de todo esto? Si Dios est\u00e1 con nosotros, \u00bfqui\u00e9n estar\u00e1 contra nosotros?\u00a0 El que no escatim\u00f3 a su propio Hijo, sino que lo entreg\u00f3 por todos nosotros, \u00bfno nos conceder\u00e1 con \u00e9l toda clase de favores?\u00a0 \u00bfQui\u00e9n podr\u00e1 acusar a los elegidos de Dios? Dios es el que justifica.\u00a0 \u00bfQui\u00e9n se atrever\u00e1 a condenarlos? \u00bfSer\u00e1 acaso Jesucristo, el que muri\u00f3, m\u00e1s a\u00fan, el que resucit\u00f3, y est\u00e1 a la derecha de Dios e intercede por nosotros?\u00a0 \u00bfQui\u00e9n podr\u00e1 entonces separarnos del amor de Cristo? \u00bfLas tribulaciones, las angustias, la persecuci\u00f3n, el hambre, la desnudez, los peligros, la espada?<\/p>\n<p style=\"text-align: justify\">Como dice la Escritura: Por tu causa somos entregados continuamente a la muerte; se nos considera como a ovejas destinadas al matadero.\u00a0 Pero en todo esto obtenemos una amplia victoria, gracias a aquel que nos am\u00f3.\u00a0 Porque tengo la certeza de que ni la muerte ni la vida, ni los \u00e1ngeles ni los principados, ni lo presente ni lo futuro, ni los poderes espirituales,\u00a0 ni lo alto ni lo profundo, ni ninguna otra criatura podr\u00e1 separarnos jam\u00e1s del amor de Dios, manifestado en Cristo Jes\u00fas, nuestro Se\u00f1or.<\/p>\n<\/td>\n<\/tr>\n<\/tbody>\n<\/table>\n<p>\u200b<\/p>\n<p>&nbsp;<\/p>\n","protected":false},"excerpt":{"rendered":"<p>&nbsp; [youtube https:\/\/www.youtube.com\/watch?v=qmUO9i7Oxis] [youtube https:\/\/www.youtube.com\/watch?v=czN8qNL6pYk] [youtube https:\/\/www.youtube.com\/watch?v=amw1jHtH0kg] Lectura espiritual Rom 8,14-39 Todos los que son conducidos por el Esp\u00edritu de Dios son hijos de Dios.\u00a0 Y vosotros no hab\u00e9is recibido un esp\u00edritu de esclavos para volver a caer en el temor, sino el esp\u00edritu de hijos adoptivos, que nos hace llamar a Dios: Padre. El &hellip; <\/p>\n<p><a class=\"more-link btn\" href=\"https:\/\/smaria.salou.arqtgn.cat\/es\/domingo-x-tiempo-ordinario-b-2018\/\">Seguir leyendo<\/a><\/p>\n","protected":false},"author":11,"featured_media":0,"comment_status":"closed","ping_status":"closed","sticky":false,"template":"","format":"standard","meta":{"footnotes":""},"categories":[52,49],"tags":[],"class_list":["post-10137","post","type-post","status-publish","format-standard","hentry","category-para-reflexionar","category-preparando-el-domingo","item-wrap"],"amp_enabled":true,"_links":{"self":[{"href":"https:\/\/smaria.salou.arqtgn.cat\/es\/wp-json\/wp\/v2\/posts\/10137","targetHints":{"allow":["GET"]}}],"collection":[{"href":"https:\/\/smaria.salou.arqtgn.cat\/es\/wp-json\/wp\/v2\/posts"}],"about":[{"href":"https:\/\/smaria.salou.arqtgn.cat\/es\/wp-json\/wp\/v2\/types\/post"}],"author":[{"embeddable":true,"href":"https:\/\/smaria.salou.arqtgn.cat\/es\/wp-json\/wp\/v2\/users\/11"}],"replies":[{"embeddable":true,"href":"https:\/\/smaria.salou.arqtgn.cat\/es\/wp-json\/wp\/v2\/comments?post=10137"}],"version-history":[{"count":0,"href":"https:\/\/smaria.salou.arqtgn.cat\/es\/wp-json\/wp\/v2\/posts\/10137\/revisions"}],"wp:attachment":[{"href":"https:\/\/smaria.salou.arqtgn.cat\/es\/wp-json\/wp\/v2\/media?parent=10137"}],"wp:term":[{"taxonomy":"category","embeddable":true,"href":"https:\/\/smaria.salou.arqtgn.cat\/es\/wp-json\/wp\/v2\/categories?post=10137"},{"taxonomy":"post_tag","embeddable":true,"href":"https:\/\/smaria.salou.arqtgn.cat\/es\/wp-json\/wp\/v2\/tags?post=10137"}],"curies":[{"name":"wp","href":"https:\/\/api.w.org\/{rel}","templated":true}]}}