{"id":10132,"date":"2018-06-07T23:17:03","date_gmt":"2018-06-07T21:17:03","guid":{"rendered":"http:\/\/smaria.salou.arqtgn.cat\/ninos-de-la-catequesis-premiados-en-el-concurso-biblico\/"},"modified":"2018-06-07T23:17:03","modified_gmt":"2018-06-07T21:17:03","slug":"ninos-de-la-catequesis-premiados-en-el-concurso-biblico","status":"publish","type":"post","link":"https:\/\/smaria.salou.arqtgn.cat\/es\/ninos-de-la-catequesis-premiados-en-el-concurso-biblico\/","title":{"rendered":"Ni\u00f1os de la catequesis premiados en el Concurso B\u00edblico"},"content":{"rendered":"<p><a href=\"http:\/\/salou2.wp.arqtgn.cat\/wp-content\/uploads\/sites\/10\/2018\/06\/Concurs_B\u00edblic_18.jpg\"><img loading=\"lazy\" decoding=\"async\" class=\"aligncenter size-full wp-image-7482\" src=\"http:\/\/salou2.wp.arqtgn.cat\/wp-content\/uploads\/sites\/10\/2018\/06\/Concurs_B\u00edblic_18.jpg\" alt=\"\" width=\"800\" height=\"385\" srcset=\"https:\/\/smaria.salou.arqtgn.cat\/wp-content\/uploads\/sites\/10\/2018\/06\/Concurs_B\u00edblic_18.jpg 800w, https:\/\/smaria.salou.arqtgn.cat\/wp-content\/uploads\/sites\/10\/2018\/06\/Concurs_B\u00edblic_18-300x144.jpg 300w, https:\/\/smaria.salou.arqtgn.cat\/wp-content\/uploads\/sites\/10\/2018\/06\/Concurs_B\u00edblic_18-768x370.jpg 768w\" sizes=\"auto, (max-width: 800px) 100vw, 800px\" \/><\/a><\/p>\n<p>El pasado s\u00e1bado 2 de junio, en la parroquia de San Pedro y San Pablo de Tarragona, tuvo el acto de entrega de los premios del Concurso B\u00edblico de este a\u00f1o, en el que fueron premiados Eva Montes y Pablo Garc\u00eda en la modalidad de Dibujo B\u00edblico, que confeccionaron como otros compa\u00f1eros suyos durante las sesiones de catequesis de este mes de enero.<\/p>\n<p>Eva y Pablo fueron unos de los 33 premiados de los 7.940 ni\u00f1os y ni\u00f1as, que en las diferentes modalidades, se presentaron en nuestra archidi\u00f3cesis. Recibieron un lote de peque\u00f1os regalos relacionados con la Biblia.<\/p>\n<p>En el mismo acto, la Patricia, catequista de la parroquia de San Ram\u00f3n Nonato de Salou, recogi\u00f3 el premio que se otorg\u00f3 en la modalidad de parroquia.<\/p>\n<p>Enhorabuena y felicidades!<\/p>\n<p>&nbsp;<\/p>\n","protected":false},"excerpt":{"rendered":"<p>El pasado s\u00e1bado 2 de junio, en la parroquia de San Pedro y San Pablo de Tarragona, tuvo el acto de entrega de los premios del Concurso B\u00edblico de este a\u00f1o, en el que fueron premiados Eva Montes y Pablo Garc\u00eda en la modalidad de Dibujo B\u00edblico, que confeccionaron como otros compa\u00f1eros suyos durante las &hellip; <\/p>\n<p><a class=\"more-link btn\" href=\"https:\/\/smaria.salou.arqtgn.cat\/es\/ninos-de-la-catequesis-premiados-en-el-concurso-biblico\/\">Seguir leyendo<\/a><\/p>\n","protected":false},"author":11,"featured_media":0,"comment_status":"closed","ping_status":"closed","sticky":false,"template":"","format":"standard","meta":{"footnotes":""},"categories":[50],"tags":[],"class_list":["post-10132","post","type-post","status-publish","format-standard","hentry","category-catequesis","item-wrap"],"amp_enabled":true,"_links":{"self":[{"href":"https:\/\/smaria.salou.arqtgn.cat\/es\/wp-json\/wp\/v2\/posts\/10132","targetHints":{"allow":["GET"]}}],"collection":[{"href":"https:\/\/smaria.salou.arqtgn.cat\/es\/wp-json\/wp\/v2\/posts"}],"about":[{"href":"https:\/\/smaria.salou.arqtgn.cat\/es\/wp-json\/wp\/v2\/types\/post"}],"author":[{"embeddable":true,"href":"https:\/\/smaria.salou.arqtgn.cat\/es\/wp-json\/wp\/v2\/users\/11"}],"replies":[{"embeddable":true,"href":"https:\/\/smaria.salou.arqtgn.cat\/es\/wp-json\/wp\/v2\/comments?post=10132"}],"version-history":[{"count":0,"href":"https:\/\/smaria.salou.arqtgn.cat\/es\/wp-json\/wp\/v2\/posts\/10132\/revisions"}],"wp:attachment":[{"href":"https:\/\/smaria.salou.arqtgn.cat\/es\/wp-json\/wp\/v2\/media?parent=10132"}],"wp:term":[{"taxonomy":"category","embeddable":true,"href":"https:\/\/smaria.salou.arqtgn.cat\/es\/wp-json\/wp\/v2\/categories?post=10132"},{"taxonomy":"post_tag","embeddable":true,"href":"https:\/\/smaria.salou.arqtgn.cat\/es\/wp-json\/wp\/v2\/tags?post=10132"}],"curies":[{"name":"wp","href":"https:\/\/api.w.org\/{rel}","templated":true}]}}