{"id":10128,"date":"2018-06-04T00:41:56","date_gmt":"2018-06-03T22:41:56","guid":{"rendered":"http:\/\/smaria.salou.arqtgn.cat\/el-video-del-papa-junio-2018-las-redes-sociales\/"},"modified":"2018-06-04T00:41:56","modified_gmt":"2018-06-03T22:41:56","slug":"el-video-del-papa-junio-2018-las-redes-sociales","status":"publish","type":"post","link":"https:\/\/smaria.salou.arqtgn.cat\/es\/el-video-del-papa-junio-2018-las-redes-sociales\/","title":{"rendered":"El v\u00eddeo del Papa, junio 2018. Las redes sociales."},"content":{"rendered":"<p>[youtube https:\/\/www.youtube.com\/watch?v=vtSyKhP7QIE]<\/p>\n<p>Internet y las redes sociales nos abren muchas posibilidades. Pero es necesario usarlas bien y para el bien. No para aislarnos, sino para comunicarnos mejor. No para difundir mentiras, sino para contar verdades.<\/p>\n<p>\u201cInternet es un don de Dios, pero tambi\u00e9n es una gran responsabilidad.<\/p>\n<p>La comunicaci\u00f3n, sus lugares, sus instrumentos han tra\u00eddo consigo un alargamiento de los horizontes, un ensanche, para tantas personas.<\/p>\n<p>Aprovechemos las posibilidades de encuentro y de solidaridad que ofrecen las redes sociales.<\/p>\n<p>Y que la red digital no sea un lugar de alienaci\u00f3n. Sea un lugar concreto, un lugar rico de humanidad.<\/p>\n<p>Pidamos juntos para que las redes sociales no anulen la propia personalidad, sino que favorezcan la solidaridad y el respeto del otro en sus diferencias.\u201d<\/p>\n<p><span class=\"\">Si vols veure<\/span> m\u00e9s v\u00eddeos sobre les intencions del Papa els trobar\u00e0s a <a href=\"http:\/\/www.elvideodelpapa.org\" target=\"_blank\" rel=\"noopener noreferrer\"><span class=\"\">http:\/\/www.elvideodelpapa.org<\/span><\/a><\/p>\n","protected":false},"excerpt":{"rendered":"<p>[youtube https:\/\/www.youtube.com\/watch?v=vtSyKhP7QIE] Internet y las redes sociales nos abren muchas posibilidades. Pero es necesario usarlas bien y para el bien. No para aislarnos, sino para comunicarnos mejor. No para difundir mentiras, sino para contar verdades. \u201cInternet es un don de Dios, pero tambi\u00e9n es una gran responsabilidad. La comunicaci\u00f3n, sus lugares, sus instrumentos han tra\u00eddo &hellip; <\/p>\n<p><a class=\"more-link btn\" href=\"https:\/\/smaria.salou.arqtgn.cat\/es\/el-video-del-papa-junio-2018-las-redes-sociales\/\">Seguir leyendo<\/a><\/p>\n","protected":false},"author":11,"featured_media":0,"comment_status":"closed","ping_status":"closed","sticky":false,"template":"","format":"standard","meta":{"footnotes":""},"categories":[52],"tags":[],"class_list":["post-10128","post","type-post","status-publish","format-standard","hentry","category-para-reflexionar","item-wrap"],"amp_enabled":true,"_links":{"self":[{"href":"https:\/\/smaria.salou.arqtgn.cat\/es\/wp-json\/wp\/v2\/posts\/10128","targetHints":{"allow":["GET"]}}],"collection":[{"href":"https:\/\/smaria.salou.arqtgn.cat\/es\/wp-json\/wp\/v2\/posts"}],"about":[{"href":"https:\/\/smaria.salou.arqtgn.cat\/es\/wp-json\/wp\/v2\/types\/post"}],"author":[{"embeddable":true,"href":"https:\/\/smaria.salou.arqtgn.cat\/es\/wp-json\/wp\/v2\/users\/11"}],"replies":[{"embeddable":true,"href":"https:\/\/smaria.salou.arqtgn.cat\/es\/wp-json\/wp\/v2\/comments?post=10128"}],"version-history":[{"count":0,"href":"https:\/\/smaria.salou.arqtgn.cat\/es\/wp-json\/wp\/v2\/posts\/10128\/revisions"}],"wp:attachment":[{"href":"https:\/\/smaria.salou.arqtgn.cat\/es\/wp-json\/wp\/v2\/media?parent=10128"}],"wp:term":[{"taxonomy":"category","embeddable":true,"href":"https:\/\/smaria.salou.arqtgn.cat\/es\/wp-json\/wp\/v2\/categories?post=10128"},{"taxonomy":"post_tag","embeddable":true,"href":"https:\/\/smaria.salou.arqtgn.cat\/es\/wp-json\/wp\/v2\/tags?post=10128"}],"curies":[{"name":"wp","href":"https:\/\/api.w.org\/{rel}","templated":true}]}}