{"id":10125,"date":"2018-06-03T07:20:07","date_gmt":"2018-06-03T05:20:07","guid":{"rendered":"http:\/\/smaria.salou.arqtgn.cat\/deja-entrar-a-jesus-eucaristia-que-es-el-amor-en-tu-corazon\/"},"modified":"2018-06-03T07:20:07","modified_gmt":"2018-06-03T05:20:07","slug":"deja-entrar-a-jesus-eucaristia-que-es-el-amor-en-tu-corazon","status":"publish","type":"post","link":"https:\/\/smaria.salou.arqtgn.cat\/es\/deja-entrar-a-jesus-eucaristia-que-es-el-amor-en-tu-corazon\/","title":{"rendered":"Deja entrar a Jes\u00fas Eucarist\u00eda, que es el AMOR, en tu coraz\u00f3n"},"content":{"rendered":"<p><a href=\"http:\/\/salou2.wp.arqtgn.cat\/wp-content\/uploads\/sites\/10\/2018\/06\/Corpus_Christi.jpg\"><img loading=\"lazy\" decoding=\"async\" class=\"aligncenter wp-image-7471 size-full\" src=\"http:\/\/salou2.wp.arqtgn.cat\/wp-content\/uploads\/sites\/10\/2018\/06\/Corpus_Christi.jpg\" alt=\"\" width=\"800\" height=\"565\" srcset=\"https:\/\/smaria.salou.arqtgn.cat\/wp-content\/uploads\/sites\/10\/2018\/06\/Corpus_Christi.jpg 800w, https:\/\/smaria.salou.arqtgn.cat\/wp-content\/uploads\/sites\/10\/2018\/06\/Corpus_Christi-300x212.jpg 300w, https:\/\/smaria.salou.arqtgn.cat\/wp-content\/uploads\/sites\/10\/2018\/06\/Corpus_Christi-768x542.jpg 768w\" sizes=\"auto, (max-width: 800px) 100vw, 800px\" \/><\/a><\/p>\n<h2><\/h2>\n<h2><span style=\"color: #ff9900\"><strong>para pensar&#8230;<\/strong><\/span><\/h2>\n<p>En estas fechas se est\u00e1n celebrando en las parroquias la Primera Comuni\u00f3n de muchas personas, la primera vez que muchas personas reciben el Cuerpo y la Sangre de Cristo. Muchas veces en las parroquias nos quedamos tristes porque son muchos los ni\u00f1os y ni\u00f1as que despu\u00e9s de la Primera Comuni\u00f3n no suelen aparecer por la parroquia.<\/p>\n<p>Es un desaf\u00edo para toda la Iglesia conseguir que las personas reciban a Cristo no s\u00f3lo un d\u00eda, sino durante toda su vida. Y tambi\u00e9n que cuando comulgamos cada uno de nosotros seamos siempre conscientes de que recibimos a Jes\u00fas, fuente de nuestra vida.<\/p>\n<p>.<\/p>\n<h2><span style=\"color: #ff9900\"><strong>para rezar<\/strong><strong>&#8230;<\/strong><\/span><\/h2>\n<p style=\"text-align: center\">T\u00fa nos ense\u00f1aste a comer,<br \/>\nque es compartir con los amigos,<br \/>\nque es hablar la vida, incluso<br \/>\ncon lo que te traicionen,<br \/>\nque es disfrutar juntos y que haya<br \/>\nde todo para todos,<br \/>\npara, al fi nal, sentirse unidos,<br \/>\ncompa\u00f1eros de camino<br \/>\ny constructores de unas relaciones sanas y una tierra<br \/>\nnueva.<br \/>\nEl que come tu Carne, el que Comulga,<br \/>\nse aparta de otros alimentos nocivos.<br \/>\nSe aleja de la competitividad,<br \/>\nno le sirve la prisa,<br \/>\nse aparta del poder<br \/>\ny relativiza el prestigio.<br \/>\nHazte, Se\u00f1or, carne de nuestra carne<br \/>\ny vida de nuestra vida.<\/p>\n","protected":false},"excerpt":{"rendered":"<p>para pensar&#8230; En estas fechas se est\u00e1n celebrando en las parroquias la Primera Comuni\u00f3n de muchas personas, la primera vez que muchas personas reciben el Cuerpo y la Sangre de Cristo. Muchas veces en las parroquias nos quedamos tristes porque son muchos los ni\u00f1os y ni\u00f1as que despu\u00e9s de la Primera Comuni\u00f3n no suelen aparecer &hellip; <\/p>\n<p><a class=\"more-link btn\" href=\"https:\/\/smaria.salou.arqtgn.cat\/es\/deja-entrar-a-jesus-eucaristia-que-es-el-amor-en-tu-corazon\/\">Seguir leyendo<\/a><\/p>\n","protected":false},"author":11,"featured_media":0,"comment_status":"closed","ping_status":"closed","sticky":false,"template":"","format":"standard","meta":{"footnotes":""},"categories":[50,54,49],"tags":[],"class_list":["post-10125","post","type-post","status-publish","format-standard","hentry","category-catequesis","category-el-evangelio-en-imagenes","category-preparando-el-domingo","item-wrap"],"amp_enabled":true,"_links":{"self":[{"href":"https:\/\/smaria.salou.arqtgn.cat\/es\/wp-json\/wp\/v2\/posts\/10125","targetHints":{"allow":["GET"]}}],"collection":[{"href":"https:\/\/smaria.salou.arqtgn.cat\/es\/wp-json\/wp\/v2\/posts"}],"about":[{"href":"https:\/\/smaria.salou.arqtgn.cat\/es\/wp-json\/wp\/v2\/types\/post"}],"author":[{"embeddable":true,"href":"https:\/\/smaria.salou.arqtgn.cat\/es\/wp-json\/wp\/v2\/users\/11"}],"replies":[{"embeddable":true,"href":"https:\/\/smaria.salou.arqtgn.cat\/es\/wp-json\/wp\/v2\/comments?post=10125"}],"version-history":[{"count":0,"href":"https:\/\/smaria.salou.arqtgn.cat\/es\/wp-json\/wp\/v2\/posts\/10125\/revisions"}],"wp:attachment":[{"href":"https:\/\/smaria.salou.arqtgn.cat\/es\/wp-json\/wp\/v2\/media?parent=10125"}],"wp:term":[{"taxonomy":"category","embeddable":true,"href":"https:\/\/smaria.salou.arqtgn.cat\/es\/wp-json\/wp\/v2\/categories?post=10125"},{"taxonomy":"post_tag","embeddable":true,"href":"https:\/\/smaria.salou.arqtgn.cat\/es\/wp-json\/wp\/v2\/tags?post=10125"}],"curies":[{"name":"wp","href":"https:\/\/api.w.org\/{rel}","templated":true}]}}