{"id":10123,"date":"2018-06-02T07:01:52","date_gmt":"2018-06-02T05:01:52","guid":{"rendered":"http:\/\/smaria.salou.arqtgn.cat\/el-cuerpo-y-la-sangre-cristo-corpus-christi-b-2018\/"},"modified":"2018-06-02T07:01:52","modified_gmt":"2018-06-02T05:01:52","slug":"el-cuerpo-y-la-sangre-cristo-corpus-christi-b-2018","status":"publish","type":"post","link":"https:\/\/smaria.salou.arqtgn.cat\/es\/el-cuerpo-y-la-sangre-cristo-corpus-christi-b-2018\/","title":{"rendered":"El Cuerpo y la Sangre Cristo (Corpus Christi) \/ B\/  2018"},"content":{"rendered":"<p>&nbsp;<\/p>\n<table style=\"height: 211px;width: 739px\">\n<tbody>\n<tr style=\"height: 256px\">\n<td style=\"height: 256px;width: 482px\">\n<p><div id=\"attachment_7202\" style=\"width: 412px\" class=\"wp-caption aligncenter\"><a href=\"http:\/\/lecturesmissa.arqtgn.cat\/\" target=\"_blank\" rel=\"noopener noreferrer\"><img loading=\"lazy\" decoding=\"async\" aria-describedby=\"caption-attachment-7202\" class=\"wp-image-7202\" src=\"https:\/\/www.revistaecclesia.com\/wp-content\/uploads\/2016\/05\/eucarist%C3%ADa.jpg\" alt=\"\" width=\"412\" height=\"230\" \/><\/a><p id=\"caption-attachment-7202\" class=\"wp-caption-text\">Llegir la Paraula de D\u00e9u<\/p><\/div><\/td>\n<td style=\"height: 256px;width: 232px\">\n<p><div id=\"attachment_5183\" style=\"width: 205px\" class=\"wp-caption aligncenter\"><a href=\"http:\/\/www.esglesiadetarragona.cat\/wp-content\/uploads\/2018\/05\/fp3559Castalla.pdf\" target=\"_blank\" rel=\"noopener noreferrer\"><img loading=\"lazy\" decoding=\"async\" aria-describedby=\"caption-attachment-5183\" class=\"wp-image-5183\" src=\"https:\/\/www.esglesiadetarragona.cat\/wp-content\/uploads\/2018\/05\/fp3560Esp-2.jpg?sequence=3&amp;isAllowed=y?\" alt=\"\" width=\"205\" height=\"280\" \/><\/a><p id=\"caption-attachment-5183\" class=\"wp-caption-text\">Llegir el Full Dominical<\/p><\/div><\/td>\n<\/tr>\n<tr style=\"height: 18.2667px\">\n<td style=\"height: 18.2667px;width: 714px\" colspan=\"2\">[youtube https:\/\/www.youtube.com\/watch?v=oiO1EpQO_mQ]<\/p>\n<hr \/>\n<p>[youtube https:\/\/www.youtube.com\/watch?v=ItQicJG_REc]<\/p>\n<p>&nbsp;<\/p>\n<div style=\"width: 714px\" class=\"wp-caption aligncenter\"><a href=\"https:\/\/www.caritasdtarragona.cat\/wp-content\/uploads\/sites\/10\/2018\/05\/Campanya-2018-Corpus.jpg\" target=\"_blank\" rel=\"noopener noreferrer\"><img loading=\"lazy\" decoding=\"async\" src=\"https:\/\/www.caritasdtarragona.cat\/wp-content\/uploads\/sites\/10\/2018\/05\/Campanya-2018-Corpus.jpg\" alt=\"\" width=\"714\" height=\"1010\" \/><\/a><p class=\"wp-caption-text\">Clicar encima la imagen para m\u00e1s informaci\u00f3n<\/p><\/div>\n<p>Para ver\u00a0 el video\u00a0 de la campa\u00f1a clicar <a href=\"https:\/\/www.caritasdtarragona.cat\/wp-content\/uploads\/sites\/10\/2018\/05\/V%C3%ADdeo-Campanya-2018-El-teu-Comprom%C3%ADs....mp4\" target=\"_blank\" rel=\"noopener noreferrer\">aqu\u00ed<\/a>.<\/td>\n<\/tr>\n<tr style=\"height: 18px\">\n<td style=\"height: 18px;width: 714px\" colspan=\"2\">\n<h3><span style=\"color: #ff6600\"><strong>Lectura espiritual<\/strong><\/span><\/h3>\n<p>&nbsp;<\/p>\n<p><strong>\u00bfC\u00f3mo ser\u00e1 esto? (Lc 1,34)<\/strong><\/p>\n<p style=\"text-align: justify\">\u201c\u00bfC\u00f3mo es posible que yo sea madre?\u201d. La verdadera devoci\u00f3n es ser como ella, tienda humilde del Verbo, movida \u00fanicamente por el Esp\u00edritu Santo.<\/p>\n<p style=\"text-align: justify\">La verdadera devoci\u00f3n no consiste en las muchas devociones, sino en convertirse en madres de\u00a0 Cristo, en darle carne y sangre, importancia y peso en nuestra vida.<\/p>\n<p style=\"text-align: justify\">La verdadera devoci\u00f3n no es pedir que ella nos ayude sino, como ella, ayudar a Dios a encarnarse\u00a0 en estos caminos, en estas casas, en estos abrazos.<\/p>\n<p style=\"text-align: justify\">\u201c\u00bfQui\u00e9n es mi madre?\u201d (<em>Mt 12,48<\/em>) otra pregunta rotunda de Jes\u00fas. El que hace la voluntad del\u00a0 Padre. Su voluntad es \u00fanica: que la persona adquiera m\u00e1s conciencia, m\u00e1s libertad, m\u00e1s amor. Las tres directrices establecidas por Dios en la creaci\u00f3n.<\/p>\n<p style=\"text-align: justify\">Entonces no rezo a santa Mar\u00eda para obtener protecci\u00f3n, sino para algo mucho m\u00e1s grande: para obtenerla a ella, su forma de creyente apasionada y gozosa, libre y fuerte.<\/p>\n<p style=\"text-align: justify\">El orante, m\u00e1s que ser socorrido, pide ser transfigurado, transformado en ella, \u201cicono esplendoroso \/ de nuestro futuro, \/ belleza alt\u00edsima \/ y dulce, hermana\u201d (<em>David Maria Moontagna<\/em>).<\/p>\n<p style=\"text-align: justify\">En Mar\u00eda, pues, cada uno redescubre el alfabeto de la vida. Se redescubre a s\u00ed mismo como casa, en la cual el Misericordioso sin casa, busca casa.<\/p>\n<p style=\"text-align: justify\">En Mar\u00eda el devoto es hecho vientre capaz de ternura, de conmoci\u00f3n, de piedad: boca que se abre en la alabanza del <em>Magnificat<\/em>, con ojos abiertos sobre el dolor de la persona hasta llorar, o\u00eddo atento a percibir el gemido de la historia hasta arder, pies prontos para correr al encuentro del otro, manos abiertas al don de la paz.<\/p>\n<p style=\"text-align: justify\">Santa Mar\u00eda nos ense\u00f1a por fin a acoger, letra por letra, la m\u00e1s bella palabra de Dios, que es la vida de cada uno: mi carta sois vosotros, escrita no en tablas de piedra, sino en las tablas de carne de vuestros corazones (<em>2Cor 3,3<\/em>)). T\u00fa eres la m\u00e1s bella palabra de Dios, donde\u00a0 recobra su gestaci\u00f3n el camino perenne de la encarnaci\u00f3n.<\/p>\n<p style=\"text-align: right\">Ermes Ronchi: <em>Las preguntas escuetas del Evangelio<\/em><\/p>\n<p>&nbsp;<\/td>\n<\/tr>\n<\/tbody>\n<\/table>\n<p>\u200b<\/p>\n<p>&nbsp;<\/p>\n","protected":false},"excerpt":{"rendered":"<p>&nbsp; [youtube https:\/\/www.youtube.com\/watch?v=oiO1EpQO_mQ] [youtube https:\/\/www.youtube.com\/watch?v=ItQicJG_REc] &nbsp; Para ver\u00a0 el video\u00a0 de la campa\u00f1a clicar aqu\u00ed. Lectura espiritual &nbsp; \u00bfC\u00f3mo ser\u00e1 esto? (Lc 1,34) \u201c\u00bfC\u00f3mo es posible que yo sea madre?\u201d. La verdadera devoci\u00f3n es ser como ella, tienda humilde del Verbo, movida \u00fanicamente por el Esp\u00edritu Santo. La verdadera devoci\u00f3n no consiste en las muchas &hellip; <\/p>\n<p><a class=\"more-link btn\" href=\"https:\/\/smaria.salou.arqtgn.cat\/es\/el-cuerpo-y-la-sangre-cristo-corpus-christi-b-2018\/\">Seguir leyendo<\/a><\/p>\n","protected":false},"author":11,"featured_media":0,"comment_status":"closed","ping_status":"closed","sticky":false,"template":"","format":"standard","meta":{"footnotes":""},"categories":[52,49],"tags":[],"class_list":["post-10123","post","type-post","status-publish","format-standard","hentry","category-para-reflexionar","category-preparando-el-domingo","item-wrap"],"amp_enabled":true,"_links":{"self":[{"href":"https:\/\/smaria.salou.arqtgn.cat\/es\/wp-json\/wp\/v2\/posts\/10123","targetHints":{"allow":["GET"]}}],"collection":[{"href":"https:\/\/smaria.salou.arqtgn.cat\/es\/wp-json\/wp\/v2\/posts"}],"about":[{"href":"https:\/\/smaria.salou.arqtgn.cat\/es\/wp-json\/wp\/v2\/types\/post"}],"author":[{"embeddable":true,"href":"https:\/\/smaria.salou.arqtgn.cat\/es\/wp-json\/wp\/v2\/users\/11"}],"replies":[{"embeddable":true,"href":"https:\/\/smaria.salou.arqtgn.cat\/es\/wp-json\/wp\/v2\/comments?post=10123"}],"version-history":[{"count":0,"href":"https:\/\/smaria.salou.arqtgn.cat\/es\/wp-json\/wp\/v2\/posts\/10123\/revisions"}],"wp:attachment":[{"href":"https:\/\/smaria.salou.arqtgn.cat\/es\/wp-json\/wp\/v2\/media?parent=10123"}],"wp:term":[{"taxonomy":"category","embeddable":true,"href":"https:\/\/smaria.salou.arqtgn.cat\/es\/wp-json\/wp\/v2\/categories?post=10123"},{"taxonomy":"post_tag","embeddable":true,"href":"https:\/\/smaria.salou.arqtgn.cat\/es\/wp-json\/wp\/v2\/tags?post=10123"}],"curies":[{"name":"wp","href":"https:\/\/api.w.org\/{rel}","templated":true}]}}