{"id":10119,"date":"2018-06-01T07:31:42","date_gmt":"2018-06-01T05:31:42","guid":{"rendered":"http:\/\/smaria.salou.arqtgn.cat\/campana-tu-compromiso-mejora-el-mundo-corpus-christi-2018\/"},"modified":"2018-06-01T07:31:42","modified_gmt":"2018-06-01T05:31:42","slug":"campana-tu-compromiso-mejora-el-mundo-corpus-christi-2018","status":"publish","type":"post","link":"https:\/\/smaria.salou.arqtgn.cat\/es\/campana-tu-compromiso-mejora-el-mundo-corpus-christi-2018\/","title":{"rendered":"Campa\u00f1a \u00abTu compromiso mejora el mundo\u00bb &#8211; Corpus Christi 2018"},"content":{"rendered":"<p><img loading=\"lazy\" decoding=\"async\" class=\"alignleft\" src=\"https:\/\/www.caritasdtarragona.cat\/wp-content\/uploads\/sites\/10\/2018\/05\/Campanya-2018-Corpus-600x848.jpg\" width=\"220\" height=\"311\" \/><\/p>\n<p><span id=\"result_box\" class=\"\" lang=\"es\"><span class=\"\">Con<\/span> gozo, desde los Servicios Diocesanos de C\u00e1ritas, pone a nuestra disposici\u00f3n los <span class=\"\">materiales<\/span> de la Campa\u00f1a de Corpus de este a\u00f1o 2018, <strong>\u00abTu compromiso mejora el mundo\u00bb.<\/strong><\/span><\/p>\n<p><span class=\"\">Este es el<\/span> lema que nos re\u00fane y lo que pretende llegar a todos los cristianos y <span class=\"\">todos los<\/span> hombres y mujeres de nuestra sociedad que trabajamos para hacer un Mundo Mejor.<\/p>\n<p>C\u00e1ritas quiere transmitir que deseamos vivir:<\/p>\n<ul style=\"list-style-type: disc\">\n<li><span class=\"\">De forma<\/span> comprometida con las realidades de nuestro barrio, pueblo o ciudad.<\/li>\n<li>A contracorriente y en muchos casos asumiendo riesgos.<\/li>\n<li><span class=\"\">No<\/span> colaborando con un modelo de sociedad que basa sus valores en el poder <span class=\"\">y el dinero<\/span>.<\/li>\n<li>Denunciando las situaciones donde los derechos de las personas son vulnerables.<\/li>\n<\/ul>\n<p>&nbsp;<\/p>\n<p>Clicar encima la <a href=\"https:\/\/www.caritasdtarragona.cat\/wp-content\/uploads\/sites\/10\/2018\/05\/Fonamentaci%C3%B3-El-teu-comprom%C3%ADs-millora-el-m%C3%B3n.pdf\" target=\"_blank\" rel=\"noopener noreferrer\">fonamentaci\u00f3n<\/a> y el <a href=\"https:\/\/www.caritasdtarragona.cat\/wp-content\/uploads\/sites\/10\/2018\/05\/Setmana-de-la-Caritas-El-teu-comprom%C3%ADs-millora-el-m%C3%B3n.pdf\" target=\"_blank\" rel=\"noopener noreferrer\">dossier<\/a> para poder-los leer.<\/p>\n<p>&nbsp;<\/p>\n","protected":false},"excerpt":{"rendered":"<p>Con gozo, desde los Servicios Diocesanos de C\u00e1ritas, pone a nuestra disposici\u00f3n los materiales de la Campa\u00f1a de Corpus de este a\u00f1o 2018, \u00abTu compromiso mejora el mundo\u00bb. Este es el lema que nos re\u00fane y lo que pretende llegar a todos los cristianos y todos los hombres y mujeres de nuestra sociedad que trabajamos &hellip; <\/p>\n<p><a class=\"more-link btn\" href=\"https:\/\/smaria.salou.arqtgn.cat\/es\/campana-tu-compromiso-mejora-el-mundo-corpus-christi-2018\/\">Seguir leyendo<\/a><\/p>\n","protected":false},"author":11,"featured_media":0,"comment_status":"closed","ping_status":"closed","sticky":false,"template":"","format":"standard","meta":{"footnotes":""},"categories":[],"tags":[],"class_list":["post-10119","post","type-post","status-publish","format-standard","hentry","item-wrap"],"amp_enabled":true,"_links":{"self":[{"href":"https:\/\/smaria.salou.arqtgn.cat\/es\/wp-json\/wp\/v2\/posts\/10119","targetHints":{"allow":["GET"]}}],"collection":[{"href":"https:\/\/smaria.salou.arqtgn.cat\/es\/wp-json\/wp\/v2\/posts"}],"about":[{"href":"https:\/\/smaria.salou.arqtgn.cat\/es\/wp-json\/wp\/v2\/types\/post"}],"author":[{"embeddable":true,"href":"https:\/\/smaria.salou.arqtgn.cat\/es\/wp-json\/wp\/v2\/users\/11"}],"replies":[{"embeddable":true,"href":"https:\/\/smaria.salou.arqtgn.cat\/es\/wp-json\/wp\/v2\/comments?post=10119"}],"version-history":[{"count":0,"href":"https:\/\/smaria.salou.arqtgn.cat\/es\/wp-json\/wp\/v2\/posts\/10119\/revisions"}],"wp:attachment":[{"href":"https:\/\/smaria.salou.arqtgn.cat\/es\/wp-json\/wp\/v2\/media?parent=10119"}],"wp:term":[{"taxonomy":"category","embeddable":true,"href":"https:\/\/smaria.salou.arqtgn.cat\/es\/wp-json\/wp\/v2\/categories?post=10119"},{"taxonomy":"post_tag","embeddable":true,"href":"https:\/\/smaria.salou.arqtgn.cat\/es\/wp-json\/wp\/v2\/tags?post=10119"}],"curies":[{"name":"wp","href":"https:\/\/api.w.org\/{rel}","templated":true}]}}