{"id":10116,"date":"2018-05-27T01:15:20","date_gmt":"2018-05-26T23:15:20","guid":{"rendered":"http:\/\/smaria.salou.arqtgn.cat\/dios-es-padre-hijo-y-espiritu-santo-santissima-trinidad\/"},"modified":"2018-05-27T01:15:20","modified_gmt":"2018-05-26T23:15:20","slug":"dios-es-padre-hijo-y-espiritu-santo-santissima-trinidad","status":"publish","type":"post","link":"https:\/\/smaria.salou.arqtgn.cat\/es\/dios-es-padre-hijo-y-espiritu-santo-santissima-trinidad\/","title":{"rendered":"Dios es PADRE, HIJO y ESP\u00cdRITU SANTO = Sant\u00edssima Trinidad"},"content":{"rendered":"<p><a href=\"http:\/\/salou2.wp.arqtgn.cat\/wp-content\/uploads\/sites\/10\/2018\/05\/Sant_Trinitat_18.jpg\"><img loading=\"lazy\" decoding=\"async\" class=\"aligncenter wp-image-7441 size-full\" src=\"http:\/\/salou2.wp.arqtgn.cat\/wp-content\/uploads\/sites\/10\/2018\/05\/Sant_Trinitat_18.jpg\" alt=\"\" width=\"1588\" height=\"1122\" srcset=\"https:\/\/smaria.salou.arqtgn.cat\/wp-content\/uploads\/sites\/10\/2018\/05\/Sant_Trinitat_18.jpg 1588w, https:\/\/smaria.salou.arqtgn.cat\/wp-content\/uploads\/sites\/10\/2018\/05\/Sant_Trinitat_18-300x212.jpg 300w, https:\/\/smaria.salou.arqtgn.cat\/wp-content\/uploads\/sites\/10\/2018\/05\/Sant_Trinitat_18-768x543.jpg 768w, https:\/\/smaria.salou.arqtgn.cat\/wp-content\/uploads\/sites\/10\/2018\/05\/Sant_Trinitat_18-1024x724.jpg 1024w\" sizes=\"auto, (max-width: 1588px) 100vw, 1588px\" \/><\/a><\/p>\n<h2><span style=\"color: #ff9900\"><strong>para pensar&#8230;<\/strong><\/span><\/h2>\n<p style=\"text-align: justify\">Jes\u00fas nos pide que hagamos disc\u00edpulos de \u00c9l en todo el mundo. O sea que la fe es para todos. Da igual que seas feo, guapo, alto, bajo, rubio, moreno, de lejos, de cerca, listo, menos listo&#8230; La fe no es para los mejores, no hay una selecci\u00f3n de cristianos donde est\u00e1n los mejores, porque la fe es un regalo que Dios nos hace a todos.<\/p>\n<p style=\"text-align: justify\">Y Jes\u00fas les dice que los bauticen en el nombre del Padre, del Hijo y del Esp\u00edritu Santo. Creo que solemos tener muy claro quien es el Padre y quien es el Hijo, pero estamos un poco m\u00e1s perdidos con el Esp\u00edritu Santo. \u00bfQui\u00e9n es el Esp\u00edritu Santo? \u00bfQu\u00e9 podr\u00edamos hacer los cristianos sin el Esp\u00edritu Santo? Vamos hoy a dar un pasito m\u00e1s y vamos a pensar quien es para nosotros el Esp\u00edritu Santo.<\/p>\n<p>&nbsp;<\/p>\n<h2><span style=\"color: #ff9900\"><strong>para rezar<\/strong><strong>&#8230;<\/strong><\/span><\/h2>\n<p style=\"text-align: center\">Saber que tenemos un Padre<br \/>\nque nos quiere,<br \/>\nque camina siempre la vida<br \/>\na nuestro lado,<br \/>\nque tiene para cada uno<br \/>\nun sue\u00f1o especial<br \/>\ny que nos envuelve con su amor,<br \/>\nnos hace vivir gozosos<br \/>\ncomo hijos suyos.<br \/>\nT\u00fa, Padre, nos haces hermanos<br \/>\nde todos los hombres,<br \/>\nT\u00fa Jes\u00fas, con tu vida nos ense\u00f1as<br \/>\nc\u00f3mo vivir la nuestra,<br \/>\ny T\u00fa, Esp\u00edritu Santo, envuelves<br \/>\nnuestra historia personal<br \/>\ny nos haces sentir personas<br \/>\nhabitadas y gozosas,<br \/>\nen el nombre del Padre, del Hijo<br \/>\ny del Esp\u00edritu. Am\u00e9n.<\/p>\n","protected":false},"excerpt":{"rendered":"<p>para pensar&#8230; Jes\u00fas nos pide que hagamos disc\u00edpulos de \u00c9l en todo el mundo. O sea que la fe es para todos. Da igual que seas feo, guapo, alto, bajo, rubio, moreno, de lejos, de cerca, listo, menos listo&#8230; La fe no es para los mejores, no hay una selecci\u00f3n de cristianos donde est\u00e1n los &hellip; <\/p>\n<p><a class=\"more-link btn\" href=\"https:\/\/smaria.salou.arqtgn.cat\/es\/dios-es-padre-hijo-y-espiritu-santo-santissima-trinidad\/\">Seguir leyendo<\/a><\/p>\n","protected":false},"author":11,"featured_media":0,"comment_status":"closed","ping_status":"closed","sticky":false,"template":"","format":"standard","meta":{"footnotes":""},"categories":[50,54,49],"tags":[],"class_list":["post-10116","post","type-post","status-publish","format-standard","hentry","category-catequesis","category-el-evangelio-en-imagenes","category-preparando-el-domingo","item-wrap"],"amp_enabled":true,"_links":{"self":[{"href":"https:\/\/smaria.salou.arqtgn.cat\/es\/wp-json\/wp\/v2\/posts\/10116","targetHints":{"allow":["GET"]}}],"collection":[{"href":"https:\/\/smaria.salou.arqtgn.cat\/es\/wp-json\/wp\/v2\/posts"}],"about":[{"href":"https:\/\/smaria.salou.arqtgn.cat\/es\/wp-json\/wp\/v2\/types\/post"}],"author":[{"embeddable":true,"href":"https:\/\/smaria.salou.arqtgn.cat\/es\/wp-json\/wp\/v2\/users\/11"}],"replies":[{"embeddable":true,"href":"https:\/\/smaria.salou.arqtgn.cat\/es\/wp-json\/wp\/v2\/comments?post=10116"}],"version-history":[{"count":0,"href":"https:\/\/smaria.salou.arqtgn.cat\/es\/wp-json\/wp\/v2\/posts\/10116\/revisions"}],"wp:attachment":[{"href":"https:\/\/smaria.salou.arqtgn.cat\/es\/wp-json\/wp\/v2\/media?parent=10116"}],"wp:term":[{"taxonomy":"category","embeddable":true,"href":"https:\/\/smaria.salou.arqtgn.cat\/es\/wp-json\/wp\/v2\/categories?post=10116"},{"taxonomy":"post_tag","embeddable":true,"href":"https:\/\/smaria.salou.arqtgn.cat\/es\/wp-json\/wp\/v2\/tags?post=10116"}],"curies":[{"name":"wp","href":"https:\/\/api.w.org\/{rel}","templated":true}]}}