{"id":10114,"date":"2018-05-26T00:04:59","date_gmt":"2018-05-25T22:04:59","guid":{"rendered":"http:\/\/smaria.salou.arqtgn.cat\/santisima-trinidad-b-2018\/"},"modified":"2018-05-26T00:04:59","modified_gmt":"2018-05-25T22:04:59","slug":"santisima-trinidad-b-2018","status":"publish","type":"post","link":"https:\/\/smaria.salou.arqtgn.cat\/es\/santisima-trinidad-b-2018\/","title":{"rendered":"Sant\u00edsima Trinidad \/ B \/ 2018"},"content":{"rendered":"<p>&nbsp;<\/p>\n<table style=\"height: 211px;width: 739px\">\n<tbody>\n<tr style=\"height: 256px\">\n<td style=\"height: 256px;width: 482px\">\n<p><div id=\"attachment_7202\" style=\"width: 247px\" class=\"wp-caption aligncenter\"><a href=\"http:\/\/lecturesmissa.arqtgn.cat\/\" target=\"_blank\" rel=\"noopener noreferrer\"><img loading=\"lazy\" decoding=\"async\" aria-describedby=\"caption-attachment-7202\" class=\"wp-image-7202\" src=\"https:\/\/hijasdejesus.org\/images\/noticias\/trinidad3.jpg\" alt=\"\" width=\"247\" height=\"309\" \/><\/a><p id=\"caption-attachment-7202\" class=\"wp-caption-text\">Llegir la Paraula de D\u00e9u<\/p><\/div><\/td>\n<td style=\"height: 256px;width: 232px\">\n<p><div id=\"attachment_5183\" style=\"width: 205px\" class=\"wp-caption aligncenter\"><a href=\"http:\/\/www.esglesiadetarragona.cat\/wp-content\/uploads\/2018\/05\/fp3559Castalla.pdf\" target=\"_blank\" rel=\"noopener noreferrer\"><img loading=\"lazy\" decoding=\"async\" aria-describedby=\"caption-attachment-5183\" class=\"wp-image-5183\" src=\"https:\/\/www.esglesiadetarragona.cat\/wp-content\/uploads\/2018\/05\/fp3559Castalla-2.jpg?sequence=3&amp;isAllowed=y?\" alt=\"\" width=\"205\" height=\"280\" \/><\/a><p id=\"caption-attachment-5183\" class=\"wp-caption-text\">Llegir el Full Dominical<\/p><\/div><\/td>\n<\/tr>\n<tr style=\"height: 18.2667px\">\n<td style=\"height: 18.2667px;width: 714px\" colspan=\"2\">[youtube https:\/\/www.youtube.com\/watch?v=4A9qm0R0N1s]<\/p>\n<hr \/>\n<p>[youtube https:\/\/www.youtube.com\/watch?v=HTud082tLXE]<\/p>\n<p>&nbsp;<\/p>\n<p><a href=\"https:\/\/www.esglesiadetarragona.cat\/junts-x-un-mon-millor\/\" target=\"_blank\" rel=\"noopener noreferrer\"><img loading=\"lazy\" decoding=\"async\" class=\"aligncenter wp-image-7345 size-full\" src=\"http:\/\/salou2.wp.arqtgn.cat\/wp-content\/uploads\/sites\/10\/2018\/05\/tants.jpg\" alt=\"\" width=\"2000\" height=\"490\" srcset=\"https:\/\/smaria.salou.arqtgn.cat\/wp-content\/uploads\/sites\/10\/2018\/05\/tants.jpg 2000w, https:\/\/smaria.salou.arqtgn.cat\/wp-content\/uploads\/sites\/10\/2018\/05\/tants-300x74.jpg 300w, https:\/\/smaria.salou.arqtgn.cat\/wp-content\/uploads\/sites\/10\/2018\/05\/tants-768x188.jpg 768w, https:\/\/smaria.salou.arqtgn.cat\/wp-content\/uploads\/sites\/10\/2018\/05\/tants-1024x251.jpg 1024w\" sizes=\"auto, (max-width: 2000px) 100vw, 2000px\" \/><\/a>[youtube https:\/\/www.youtube.com\/watch?v=M8zVn38zPX0]<\/td>\n<\/tr>\n<tr style=\"height: 18px\">\n<td style=\"height: 18px;width: 714px\" colspan=\"2\">\n<h3><span style=\"color: #ff6600\"><strong>Lectura espiritual<\/strong><\/span><\/h3>\n<p>&nbsp;<\/p>\n<p><strong>\u00bfC\u00f3mo ser\u00e1 esto? (Lc 1,34)<\/strong><\/p>\n<p style=\"text-align: justify\">\u201cMar\u00eda encinta de Dios, caminando por los montes de Judea, es la imagen m\u00e1s poderosa que el evangelio nos proporciona sobre el sentido y el fin de nuestra vida. Es una met\u00e1fora prodigiosa. Estar gr\u00e1vidos de Dios, gr\u00e1vidos de luz, significa vivir en su presencia. No es preciso que piense siempre en Dios, ya est\u00e1 dentro de m\u00ed, como un hijo en la madre. \u2018Experimento, creciente, una especie de certeza interior: que existe en m\u00ed un dep\u00f3sito de oro puro que entregar\u2019\u201d (<em>Simone Weil<\/em>).<\/p>\n<p style=\"text-align: justify\">Nosotros vamos por el mundo con el vientre gr\u00e1vido de luz, gr\u00e1vidos de amor. El vientre, es decir, no solo el alma, sino toda la persona. \u201cBendito sea este nuestro cuerpo, despreciado tan a menudo, hasta el punto de hacerlo entristecer y enfermar. Bendito sea este cuerpo, su vigor, su belleza, su capacidad de amar y dar la vida. (<em>Marina Marcolini<\/em>).<\/p>\n<p style=\"text-align: justify\">Meister Eckhart escribe que toda la escritura sagrada y toda la historia de Cristo tiene un solo fin: hacernos ver a Dios en nosotros. \u201cTodos est\u00e1n llamados a ser madres de Dios. Porque Dios necesita venir siempre al mundo\u201d.<\/p>\n<p style=\"text-align: justify\">Entonces santa Mar\u00eda tiene mucho que ense\u00f1ar. Sin el cuerpo de Mar\u00eda el evangelio pierde cuerpo. Or\u00edgenes sostiene (<em>In Exodum <\/em>X, III) que la imagen m\u00e1s pl\u00e1stica y poderosa del cristiano es la de una mujer encinta que camina llevando entre la gente una vida nueva. Todo creyente pasa por el mundo como santa Mar\u00eda, <em>ferens Verbum.<\/em><\/p>\n<p style=\"text-align: justify\">La Virgen encinta es el retrato m\u00e1s n\u00edtido y limpio del creyente. Cada uno es el cielo de Dios; cada uno vive dos vidas: la propia y la de Dios; cada uno pasa por el mundo como un ostensorio del que irradia luz.<\/p>\n<p style=\"text-align: justify\">\u201cVi en el cielo un signo grande: una mujer vestida de sol que estaba para dar a luz, y el drag\u00f3n a sus pies\u201d (<em>cf Ap 12,1-4<\/em>). La imagen del Apocalipsis nos representa a todos: a la Iglesia entera, a cada creyente, a santa Mar\u00eda; resume nuestro triple destino: ser testigos de la luz, portadores de vida y beligerantes contra el mal.<\/p>\n<p style=\"text-align: justify\">No hace falta que hable la mujer encinta, su estado es evidente para todos. Por tanto, no son las palabras o las reivindicaciones de las ra\u00edces cristianas las que dicen que yo llevo a Dios en m\u00ed, que nosotros estamos gr\u00e1vidos de Dios, gr\u00e1vidos de luz (<em>Marina Marcolini<\/em>), sino la elocuencia de la vida. Dios no se demuestra, se muestra.<\/p>\n<p style=\"text-align: justify\">Como ella, madre muda del Verbo silencioso, entre el <em>Magnificat<\/em> y Bel\u00e9n, el tiempo m\u00e1s sagrado de una mujer.<\/p>\n<p style=\"text-align: right\">Ermes Ronchi: <em>Las preguntas escuetas del Evangelio<\/em><\/p>\n<p>&nbsp;<\/td>\n<\/tr>\n<\/tbody>\n<\/table>\n<p>\u200b<\/p>\n<p>&nbsp;<\/p>\n","protected":false},"excerpt":{"rendered":"<p>&nbsp; [youtube https:\/\/www.youtube.com\/watch?v=4A9qm0R0N1s] [youtube https:\/\/www.youtube.com\/watch?v=HTud082tLXE] &nbsp; [youtube https:\/\/www.youtube.com\/watch?v=M8zVn38zPX0] Lectura espiritual &nbsp; \u00bfC\u00f3mo ser\u00e1 esto? (Lc 1,34) \u201cMar\u00eda encinta de Dios, caminando por los montes de Judea, es la imagen m\u00e1s poderosa que el evangelio nos proporciona sobre el sentido y el fin de nuestra vida. Es una met\u00e1fora prodigiosa. Estar gr\u00e1vidos de Dios, gr\u00e1vidos de &hellip; <\/p>\n<p><a class=\"more-link btn\" href=\"https:\/\/smaria.salou.arqtgn.cat\/es\/santisima-trinidad-b-2018\/\">Seguir leyendo<\/a><\/p>\n","protected":false},"author":11,"featured_media":0,"comment_status":"closed","ping_status":"closed","sticky":false,"template":"","format":"standard","meta":{"footnotes":""},"categories":[52,49],"tags":[],"class_list":["post-10114","post","type-post","status-publish","format-standard","hentry","category-para-reflexionar","category-preparando-el-domingo","item-wrap"],"amp_enabled":true,"_links":{"self":[{"href":"https:\/\/smaria.salou.arqtgn.cat\/es\/wp-json\/wp\/v2\/posts\/10114","targetHints":{"allow":["GET"]}}],"collection":[{"href":"https:\/\/smaria.salou.arqtgn.cat\/es\/wp-json\/wp\/v2\/posts"}],"about":[{"href":"https:\/\/smaria.salou.arqtgn.cat\/es\/wp-json\/wp\/v2\/types\/post"}],"author":[{"embeddable":true,"href":"https:\/\/smaria.salou.arqtgn.cat\/es\/wp-json\/wp\/v2\/users\/11"}],"replies":[{"embeddable":true,"href":"https:\/\/smaria.salou.arqtgn.cat\/es\/wp-json\/wp\/v2\/comments?post=10114"}],"version-history":[{"count":0,"href":"https:\/\/smaria.salou.arqtgn.cat\/es\/wp-json\/wp\/v2\/posts\/10114\/revisions"}],"wp:attachment":[{"href":"https:\/\/smaria.salou.arqtgn.cat\/es\/wp-json\/wp\/v2\/media?parent=10114"}],"wp:term":[{"taxonomy":"category","embeddable":true,"href":"https:\/\/smaria.salou.arqtgn.cat\/es\/wp-json\/wp\/v2\/categories?post=10114"},{"taxonomy":"post_tag","embeddable":true,"href":"https:\/\/smaria.salou.arqtgn.cat\/es\/wp-json\/wp\/v2\/tags?post=10114"}],"curies":[{"name":"wp","href":"https:\/\/api.w.org\/{rel}","templated":true}]}}