{"id":10109,"date":"2018-05-20T07:02:03","date_gmt":"2018-05-20T05:02:03","guid":{"rendered":"http:\/\/smaria.salou.arqtgn.cat\/dejate-llevar-por-el-espiritu-santo-2\/"},"modified":"2018-05-20T07:02:03","modified_gmt":"2018-05-20T05:02:03","slug":"dejate-llevar-por-el-espiritu-santo-2","status":"publish","type":"post","link":"https:\/\/smaria.salou.arqtgn.cat\/es\/dejate-llevar-por-el-espiritu-santo-2\/","title":{"rendered":"D\u00e9jate llevar por el Esp\u00edritu Santo!"},"content":{"rendered":"<p><a href=\"http:\/\/salou2.wp.arqtgn.cat\/wp-content\/uploads\/sites\/10\/2018\/05\/Pentecosta.jpg\"><img loading=\"lazy\" decoding=\"async\" class=\"aligncenter wp-image-7415 size-full\" src=\"http:\/\/salou2.wp.arqtgn.cat\/wp-content\/uploads\/sites\/10\/2018\/05\/Pentecosta.jpg\" alt=\"\" width=\"800\" height=\"565\" srcset=\"https:\/\/smaria.salou.arqtgn.cat\/wp-content\/uploads\/sites\/10\/2018\/05\/Pentecosta.jpg 800w, https:\/\/smaria.salou.arqtgn.cat\/wp-content\/uploads\/sites\/10\/2018\/05\/Pentecosta-300x212.jpg 300w, https:\/\/smaria.salou.arqtgn.cat\/wp-content\/uploads\/sites\/10\/2018\/05\/Pentecosta-768x542.jpg 768w\" sizes=\"auto, (max-width: 800px) 100vw, 800px\" \/><\/a><\/p>\n<h2><span style=\"color: #ff9900\"><strong>para pensar&#8230;<\/strong><\/span><\/h2>\n<p style=\"text-align: justify\">Son muchas las cosas que podemos aprender hoy en el Evangelio. Fijaros en primer lugar que los disc\u00edpulos estaban como escondidos porque ten\u00edan miedo. Esta es la primera lecci\u00f3n: no tener miedo. Y llega Jes\u00fas y los llena de paz: Jes\u00fas es nuestra paz, la paz entre nosotros.<\/p>\n<p style=\"text-align: justify\">Y despu\u00e9s les env\u00eda, les dice que al igual que Dios envi\u00f3 a Jes\u00fas, nosotros somos tambi\u00e9n enviados. Jes\u00fas est\u00e1 dando al bot\u00f3n de Inicio a la Iglesia.<\/p>\n<p style=\"text-align: justify\">Y al final les regala el Esp\u00edritu Santo, la presencia de Dios permanente con nosotros. Todo lo que sucede en este pasaje del Evangelio es fundamental para entender por qu\u00e9 los cristianos nos hemos unido como Iglesia. No se puede ser cristiano por libre, uno solo. As\u00ed que debemos animarnos a vivir nuestra fe con otros, en nuestras parroquias, en la Iglesia.<\/p>\n<p>&nbsp;<\/p>\n<h2><span style=\"color: #ff9900\"><strong>para rezar<\/strong><strong>&#8230;<\/strong><\/span><\/h2>\n<p style=\"text-align: center\">Pasa, Se\u00f1or, aunque yo no te busque, distra\u00eddo<br \/>\nen los afanes de la vida, pasa\u2026<br \/>\nEres T\u00fa el \u00fanico que da sentido a mi existencia,<br \/>\nel que minimiza mis errores y me vuelve<br \/>\nmisericordia inmediata,<br \/>\namor gratuito, amistad regalada y caricia de vida<br \/>\nCuando te dejo entrar en m\u00ed, me tomas<br \/>\nal asalto y me vuelves todo amor.<br \/>\nGracias por estos miedos que te reclaman,<br \/>\ngracias por mis fragilidades que me quitan prepotencias,<br \/>\ngracias porque siendo peque\u00f1o,<br \/>\nT\u00fa me vuelves grande y capaz,<br \/>\ngracias porque contigo soy luz para el camino oscuro de<br \/>\nla vida y sal que aporta chispa<br \/>\ny humor para facilitar las situaciones.<br \/>\nGracias por entrar\u2026 por pasar hasta el fondo de m\u00ed.<\/p>\n","protected":false},"excerpt":{"rendered":"<p>para pensar&#8230; Son muchas las cosas que podemos aprender hoy en el Evangelio. Fijaros en primer lugar que los disc\u00edpulos estaban como escondidos porque ten\u00edan miedo. Esta es la primera lecci\u00f3n: no tener miedo. Y llega Jes\u00fas y los llena de paz: Jes\u00fas es nuestra paz, la paz entre nosotros. Y despu\u00e9s les env\u00eda, les &hellip; <\/p>\n<p><a class=\"more-link btn\" href=\"https:\/\/smaria.salou.arqtgn.cat\/es\/dejate-llevar-por-el-espiritu-santo-2\/\">Seguir leyendo<\/a><\/p>\n","protected":false},"author":11,"featured_media":0,"comment_status":"closed","ping_status":"closed","sticky":false,"template":"","format":"standard","meta":{"footnotes":""},"categories":[50,54,49],"tags":[],"class_list":["post-10109","post","type-post","status-publish","format-standard","hentry","category-catequesis","category-el-evangelio-en-imagenes","category-preparando-el-domingo","item-wrap"],"amp_enabled":true,"_links":{"self":[{"href":"https:\/\/smaria.salou.arqtgn.cat\/es\/wp-json\/wp\/v2\/posts\/10109","targetHints":{"allow":["GET"]}}],"collection":[{"href":"https:\/\/smaria.salou.arqtgn.cat\/es\/wp-json\/wp\/v2\/posts"}],"about":[{"href":"https:\/\/smaria.salou.arqtgn.cat\/es\/wp-json\/wp\/v2\/types\/post"}],"author":[{"embeddable":true,"href":"https:\/\/smaria.salou.arqtgn.cat\/es\/wp-json\/wp\/v2\/users\/11"}],"replies":[{"embeddable":true,"href":"https:\/\/smaria.salou.arqtgn.cat\/es\/wp-json\/wp\/v2\/comments?post=10109"}],"version-history":[{"count":0,"href":"https:\/\/smaria.salou.arqtgn.cat\/es\/wp-json\/wp\/v2\/posts\/10109\/revisions"}],"wp:attachment":[{"href":"https:\/\/smaria.salou.arqtgn.cat\/es\/wp-json\/wp\/v2\/media?parent=10109"}],"wp:term":[{"taxonomy":"category","embeddable":true,"href":"https:\/\/smaria.salou.arqtgn.cat\/es\/wp-json\/wp\/v2\/categories?post=10109"},{"taxonomy":"post_tag","embeddable":true,"href":"https:\/\/smaria.salou.arqtgn.cat\/es\/wp-json\/wp\/v2\/tags?post=10109"}],"curies":[{"name":"wp","href":"https:\/\/api.w.org\/{rel}","templated":true}]}}